{"id":189820,"date":"2025-12-15T20:53:09","date_gmt":"2025-12-15T20:53:09","guid":{"rendered":"https:\/\/www.europesays.com\/pt\/189820\/"},"modified":"2025-12-15T20:53:09","modified_gmt":"2025-12-15T20:53:09","slug":"vencedora-do-big-brother-surpreende-fas-com-anuncio-inesperado-ainda-custa-acreditar-secret-story","status":"publish","type":"post","link":"https:\/\/www.europesays.com\/pt\/189820\/","title":{"rendered":"Vencedora do Big Brother surpreende f\u00e3s com an\u00fancio inesperado: \u00abAinda custa acreditar\u00bb &#8211; Secret Story"},"content":{"rendered":"<p style=\"margin-bottom:11px\"><strong>Soraia Moreira <\/strong><a href=\"https:\/\/tvi.iol.pt\/secretstory\/search?pagina=1&amp;pesquisa=soraia+moreira\" rel=\"nofollow noopener\" target=\"_blank\">alcan\u00e7ou um novo marco importante na sua vida pessoal e profissional.<\/a> A vencedora do Big Brother 2020 revelou, atrav\u00e9s das redes sociais, <strong>que concluiu o mestrado em Jornalismo, com a classifica\u00e7\u00e3o final de 17 valores.<\/strong><\/p>\n<p>Numa publica\u00e7\u00e3o partilhada na tarde desta segunda-feira,<a href=\"https:\/\/tvi.iol.pt\/secretstory\/search?pagina=1&amp;pesquisa=soraia+moreira\" rel=\"nofollow noopener\" target=\"_blank\"> Soraia Moreira<\/a> <strong>surgiu a segurar a tese e n\u00e3o escondeu a felicidade pela conquista.<\/strong> \u00abSou mestre em Jornalismo. 17 valores. Ainda custa acreditar. Estou mesmo muito feliz e profundamente grata por esta conquista\u00bb, escreveu.<\/p>\n<p>A <a href=\"https:\/\/tvi.iol.pt\/secretstory\/search?pagina=1&amp;pesquisa=soraia+moreira\" rel=\"nofollow noopener\" target=\"_blank\">ex-concorrente do reality show<\/a><strong> deixou ainda uma mensagem de agradecimento a todos os que acompanharam de perto este percurso acad\u00e9mico.<\/strong> \u00abEste caminho foi essencial para o meu crescimento, tanto a n\u00edvel pessoal como profissional, e nada disto teria sido poss\u00edvel sem todas as pessoas que fizeram parte desta caminhada, em especial os meus professores, pela orienta\u00e7\u00e3o, exig\u00eancia e confian\u00e7a ao longo de todo o percurso. Obrigada a todos. Vou ser para sempre grata\u00bb, concluiu.<\/p>\n<p>O namorado, Daniel Guerreiro, tamb\u00e9m ex-concorrente do formato,<strong> j\u00e1 se manifestou nas redes sociais e deixou uma mensagem de puro orgulho pela cara-metade:<\/strong><\/p>\n<p>\u00abPara que fique registado: Esta mulher BRILHOU; fez uma apresenta\u00e7\u00e3o limpa, confiante e brilhante; foi elogiada pelo trabalho, pela apresenta\u00e7\u00e3o e pela pessoa que \u00e9 ; foi simplesmente INCR\u00cdVEL! (\u2026) Que orgulho em ti minha boneca.<br \/>Parab\u00e9ns por todo o teu esfor\u00e7o, dedica\u00e7\u00e3o, noites mal dormidas e empenho. Muito bem merecido meu amor!\u00bb escreveu o jovem na legenda da publica\u00e7\u00e3o do Instagram.<\/p>\n","protected":false},"excerpt":{"rendered":"Soraia Moreira alcan\u00e7ou um novo marco importante na sua vida pessoal e profissional. A vencedora do Big Brother&hellip;\n","protected":false},"author":2,"featured_media":189821,"comment_status":"","ping_status":"","sticky":false,"template":"","format":"standard","meta":{"footnotes":""},"categories":[142],"tags":[18706,13903,114,115,18705,32,33,1441,151,18704],"class_list":{"0":"post-189820","1":"post","2":"type-post","3":"status-publish","4":"format-standard","5":"has-post-thumbnail","7":"category-tv","8":"tag-bastidores-secret-story","9":"tag-conquista","10":"tag-entertainment","11":"tag-entretenimento","12":"tag-entrevistas-concorrentes-tvi","13":"tag-portugal","14":"tag-pt","15":"tag-soraia-moreira","16":"tag-tv","17":"tag-vida-fora-da-casa"},"share_on_mastodon":{"url":"https:\/\/pubeurope.com\/@pt\/115725572911331770","error":""},"_links":{"self":[{"href":"https:\/\/www.europesays.com\/pt\/wp-json\/wp\/v2\/posts\/189820","targetHints":{"allow":["GET"]}}],"collection":[{"href":"https:\/\/www.europesays.com\/pt\/wp-json\/wp\/v2\/posts"}],"about":[{"href":"https:\/\/www.europesays.com\/pt\/wp-json\/wp\/v2\/types\/post"}],"author":[{"embeddable":true,"href":"https:\/\/www.europesays.com\/pt\/wp-json\/wp\/v2\/users\/2"}],"replies":[{"embeddable":true,"href":"https:\/\/www.europesays.com\/pt\/wp-json\/wp\/v2\/comments?post=189820"}],"version-history":[{"count":0,"href":"https:\/\/www.europesays.com\/pt\/wp-json\/wp\/v2\/posts\/189820\/revisions"}],"wp:featuredmedia":[{"embeddable":true,"href":"https:\/\/www.europesays.com\/pt\/wp-json\/wp\/v2\/media\/189821"}],"wp:attachment":[{"href":"https:\/\/www.europesays.com\/pt\/wp-json\/wp\/v2\/media?parent=189820"}],"wp:term":[{"taxonomy":"category","embeddable":true,"href":"https:\/\/www.europesays.com\/pt\/wp-json\/wp\/v2\/categories?post=189820"},{"taxonomy":"post_tag","embeddable":true,"href":"https:\/\/www.europesays.com\/pt\/wp-json\/wp\/v2\/tags?post=189820"}],"curies":[{"name":"wp","href":"https:\/\/api.w.org\/{rel}","templated":true}]}}