{"id":189824,"date":"2025-12-15T20:56:09","date_gmt":"2025-12-15T20:56:09","guid":{"rendered":"https:\/\/www.europesays.com\/pt\/189824\/"},"modified":"2025-12-15T20:56:09","modified_gmt":"2025-12-15T20:56:09","slug":"ja-passou-pelo-sporting-e-continua-a-bater-recordes-no-sevilha","status":"publish","type":"post","link":"https:\/\/www.europesays.com\/pt\/189824\/","title":{"rendered":"J\u00e1 passou pelo Sporting e continua a bater recordes no Sevilha"},"content":{"rendered":"<p>&#8211; Advertisement &#8211;<\/p>\n<p><strong>Nemanja Gudelj encontra-se ao servi\u00e7o do Sevilha. O jogador s\u00e9rvio \u00e9 considerado um hist\u00f3rico do emblema andaluz.<\/strong><\/p>\n<p>Nemanja Gudelj tornou-se no sexto jogador estrangeiro com mais jogos na hist\u00f3ria do Sevilha, depois de ter participado na vit\u00f3ria sobre o Real Oviedo. O internacional s\u00e9rvio passa a somar 239 encontros pelos andaluzes, ultrapassando \u00c9ver Banega e igualando Julien Escud\u00e9. <\/p>\n<p>O atleta colocou-se igualmente a 10 partidas de Dani Alves, estando somente atr\u00e1s do lateral brasileiro e de Ignacio Ach\u00facarro (280), Renato (286), Fr\u00e9d\u00e9ric Kanout\u00e9 (290) e Ivan Rakitic (323). <\/p>\n<p>Nemanja Gudelj tem 24 anos e atua como m\u00e9dio defensivo e defesa central. O jogador passou pelo<a href=\"https:\/\/bolanarede.pt\/etiqueta\/sporting\/\" target=\"_blank\" rel=\"noreferrer noopener nofollow\"> Sporting<\/a> em 2018\/19, acabando por rumar ao Sevilha no ano seguinte. O seu contrato termina no final da \u00e9poca.<\/p>\n","protected":false},"excerpt":{"rendered":"&#8211; Advertisement &#8211; Nemanja Gudelj encontra-se ao servi\u00e7o do Sevilha. O jogador s\u00e9rvio \u00e9 considerado um hist\u00f3rico do&hellip;\n","protected":false},"author":2,"featured_media":189825,"comment_status":"","ping_status":"","sticky":false,"template":"","format":"standard","meta":{"footnotes":""},"categories":[87],"tags":[260,135,38287,32,33,5620,34,134],"class_list":{"0":"post-189824","1":"post","2":"type-post","3":"status-publish","4":"format-standard","5":"has-post-thumbnail","7":"category-desporto","8":"tag-atualidade","9":"tag-desporto","10":"tag-nemanja-gudelj","11":"tag-portugal","12":"tag-pt","13":"tag-sevilha","14":"tag-sporting","15":"tag-sports"},"share_on_mastodon":{"url":"https:\/\/pubeurope.com\/@pt\/115725584693075386","error":""},"_links":{"self":[{"href":"https:\/\/www.europesays.com\/pt\/wp-json\/wp\/v2\/posts\/189824","targetHints":{"allow":["GET"]}}],"collection":[{"href":"https:\/\/www.europesays.com\/pt\/wp-json\/wp\/v2\/posts"}],"about":[{"href":"https:\/\/www.europesays.com\/pt\/wp-json\/wp\/v2\/types\/post"}],"author":[{"embeddable":true,"href":"https:\/\/www.europesays.com\/pt\/wp-json\/wp\/v2\/users\/2"}],"replies":[{"embeddable":true,"href":"https:\/\/www.europesays.com\/pt\/wp-json\/wp\/v2\/comments?post=189824"}],"version-history":[{"count":0,"href":"https:\/\/www.europesays.com\/pt\/wp-json\/wp\/v2\/posts\/189824\/revisions"}],"wp:featuredmedia":[{"embeddable":true,"href":"https:\/\/www.europesays.com\/pt\/wp-json\/wp\/v2\/media\/189825"}],"wp:attachment":[{"href":"https:\/\/www.europesays.com\/pt\/wp-json\/wp\/v2\/media?parent=189824"}],"wp:term":[{"taxonomy":"category","embeddable":true,"href":"https:\/\/www.europesays.com\/pt\/wp-json\/wp\/v2\/categories?post=189824"},{"taxonomy":"post_tag","embeddable":true,"href":"https:\/\/www.europesays.com\/pt\/wp-json\/wp\/v2\/tags?post=189824"}],"curies":[{"name":"wp","href":"https:\/\/api.w.org\/{rel}","templated":true}]}}