{"id":189826,"date":"2025-12-15T20:57:09","date_gmt":"2025-12-15T20:57:09","guid":{"rendered":"https:\/\/www.europesays.com\/pt\/189826\/"},"modified":"2025-12-15T20:57:09","modified_gmt":"2025-12-15T20:57:09","slug":"urbanismo-romano-foi-prejudicial-a-saude-publica-segundo-estudo","status":"publish","type":"post","link":"https:\/\/www.europesays.com\/pt\/189826\/","title":{"rendered":"Urbanismo romano foi prejudicial \u00e0 sa\u00fade p\u00fablica, segundo estudo"},"content":{"rendered":"<p>Pesquisadores t\u00eam se empenhado em compreender a vida na Gr\u00e3-Bretanha antes e durante o dom\u00ednio romano, revelando not\u00e1veis disparidades na sa\u00fade entre as comunidades rurais e urbanas.<\/p>\n<p>Uma investiga\u00e7\u00e3o recente sobre restos humanos oriundos do sul e do centro da Gr\u00e3-Bretanha aponta que a <a href=\"https:\/\/aventurasnahistoria.com.br\/noticias\/historia-hoje\/seca-desencadeou-rebeliao-e-invasao-barbara-na-gra-bretanha-romana.phtml\" rel=\"nofollow noopener\" target=\"_blank\">ocupa\u00e7\u00e3o romana<\/a> trouxe desafios \u00e0 sa\u00fade a longo prazo, predominantemente limitados \u00e0s cidades populosas estabelecidas sob a influ\u00eancia romana. Fora dos centros urbanos, muitas tradi\u00e7\u00f5es anteriores continuaram a prevalecer, resultando em mudan\u00e7as muito menos significativas no bem-estar geral.<\/p>\n<p>O per\u00edodo analisado pode ser considerado um marco na hist\u00f3ria brit\u00e2nica. Com a conquista romana em 43 d.C., novas formas de administra\u00e7\u00e3o foram introduzidas, ampliando as redes de assentamento e incentivando a forma\u00e7\u00e3o de cidades.<\/p>\n<p>Registros hist\u00f3ricos dessa \u00e9poca consideram essas transforma\u00e7\u00f5es como sinais de \u201cciviliza\u00e7\u00e3o\u201d, mas evid\u00eancias arqueol\u00f3gicas indicam que a transi\u00e7\u00e3o para centros populacionais mais densos trouxe riscos adicionais. Doen\u00e7as desconhecidas, maior consumo de gr\u00e3os e desigualdades sociais que restringiam o acesso aos recursos contribu\u00edram para um estresse ambiental significativo.<\/p>\n<p>Compreender como esses fatores moldaram o cotidiano tem sido complicado devido \u00e0s pr\u00e1ticas funer\u00e1rias da Idade do Ferro. As comunidades anteriores \u00e0 domina\u00e7\u00e3o romana frequentemente fragmentavam ou cremavam os mortos, resultando na escassez de esqueletos completos para an\u00e1lise. Contudo, em algumas ocasi\u00f5es, beb\u00eas eram enterrados intactos.<\/p>\n<p>Para examinar os padr\u00f5es de sa\u00fade a curto e longo prazo, o estudo, publicado na revista <a href=\"https:\/\/www.cambridge.org\/core\/journals\/antiquity\/article\/assessing-the-impact-of-roman-occupation-on-england-through-the-developmental-origins-of-health-and-disease-dohad-hypothesis\/921B8AB243C77B712498B9D56693EB72\" rel=\"nofollow noopener\" target=\"_blank\">Antiquity<\/a>, concentrou-se nos restos esquel\u00e9ticos de crian\u00e7as pequenas e mulheres adultas em idade f\u00e9rtil. Essa abordagem se baseia na hip\u00f3tese DOHaD (Desenvolvimento das Origens da Sa\u00fade e da Doen\u00e7a), que prop\u00f5e que experi\u00eancias nos primeiros anos de vida podem deixar marcas biol\u00f3gicas que influenciam a sa\u00fade na idade adulta e at\u00e9 mesmo em gera\u00e7\u00f5es futuras.<\/p>\n<p>No total, 646 esqueletos foram analisados, incluindo 372 n\u00e3o-adultos com menos de 3,5 anos e 274 mulheres adultas. Os dados foram coletados de assentamentos da Idade do Ferro, assentamentos rurais romanos e centros urbanos romanos. Os fatores de sa\u00fade considerados incluem les\u00f5es esquel\u00e9ticas, sinais de estresse nutricional e marcadores de exposi\u00e7\u00e3o a doen\u00e7as.<\/p>\n<p> <img loading=\"lazy\" decoding=\"async\" class=\"size-full wp-image-215910 img-fluid lazy\" alt=\"\" width=\"1280\" height=\"720\" src=\"https:\/\/www.europesays.com\/pt\/wp-content\/uploads\/2025\/12\/romanos-6.jpg\"  \/>Restos mortais de antigos romanos com indica\u00e7\u00f5es de patologias \/ Cr\u00e9dito: Divulga\u00e7\u00e3o\/Antiquity Publications Ltd\/Rebecca Pitt <\/p>\n<p>Os resultados evidenciam uma divis\u00e3o clara: as popula\u00e7\u00f5es urbanas do per\u00edodo romano apresentaram um aumento significativo nos marcadores negativos de sa\u00fade quando comparadas tanto \u00e0s comunidades da Idade do Ferro quanto \u00e0s rurais romanas. As condi\u00e7\u00f5es de vida nas cidades romanas parecem ter sido afetadas pela superlota\u00e7\u00e3o, polui\u00e7\u00e3o e contato frequente com pat\u00f3genos. A presen\u00e7a de <a href=\"https:\/\/aventurasnahistoria.com.br\/noticias\/historia-hoje\/exposicao-ao-chumbo-pode-ter-moldado-a-evolucao-humana.phtml\" rel=\"nofollow noopener\" target=\"_blank\">chumbo<\/a>, utilizado em <a href=\"https:\/\/aventurasnahistoria.com.br\/noticias\/historia-hoje\/descoberta-revela-extensao-de-aqueduto-romano-na-gra-bretanha.phtml\" rel=\"nofollow noopener\" target=\"_blank\">sistemas hidr\u00e1ulicos<\/a> romanos e outras infraestruturas, pode ter representado um risco adicional.<\/p>\n<p>Por outro lado, as popula\u00e7\u00f5es rurais apresentaram um leve aumento no risco de pat\u00f3genos, mas sem uma diminui\u00e7\u00e3o significativa na sa\u00fade. Esses achados sugerem que muitos modos de vida da <a href=\"https:\/\/aventurasnahistoria.com.br\/noticias\/reportagem\/a-jovem-celta-da-idade-do-ferro-que-teria-sido-vitima-de-sacrificio-ha-2-mil-anos.phtml\" rel=\"nofollow noopener\" target=\"_blank\">Idade do Ferro<\/a> se mantiveram, assim como um acesso mais est\u00e1vel \u00e0s fontes alimentares e ambientes de vida mais limpos, perdurando bem al\u00e9m do per\u00edodo romano fora dos principais centros urbanos. Isso desafia algumas percep\u00e7\u00f5es tradicionais sobre como a cultura romana transformou rapidamente toda a regi\u00e3o, repercute o Archaeology News.<\/p>\n<p>Ao examinar o impacto dessas mudan\u00e7as sobre m\u00e3es e beb\u00eas ao longo das gera\u00e7\u00f5es, \u00e9 poss\u00edvel construir um panorama mais detalhado da vida na <a href=\"https:\/\/aventurasnahistoria.com.br\/noticias\/historia-hoje\/percevejos-podem-ter-surgido-na-gra-bretanha-junto-aos-romanos-entenda.phtml\" rel=\"nofollow noopener\" target=\"_blank\">Gr\u00e3-Bretanha romana<\/a>. O estudo revela como grandes transforma\u00e7\u00f5es sociais podem moldar a sa\u00fade populacional de forma desigual, com consequ\u00eancias que reverberam muito al\u00e9m de uma \u00fanica gera\u00e7\u00e3o.<\/p>\n<p>        <a href=\"https:\/\/aventurasnahistoria.com.br\/noticias\/author\/eric-moreira\" rel=\"nofollow noopener\" target=\"_blank\">&#13;<br \/>\n          <img loading=\"lazy\" decoding=\"async\" alt=\"\u00c9ric Moreira\" src=\"https:\/\/www.europesays.com\/pt\/wp-content\/uploads\/2025\/09\/WhatsApp-Image-2021-09-24-at-18.30.11-150x150.jpeg\" class=\"avatar avatar-115 photo rounded-circle\" height=\"115\" width=\"115\"\/>        <\/a><\/p>\n<p>\u00c9ric Moreira \u00e9 jornalista, formado pelo Centro Universit\u00e1rio Belas Artes de S\u00e3o Paulo. Passa a maior parte do tempo vendo filmes e s\u00e9ries, interessado em jornalismo cultural e grande amante de Arte e Hist\u00f3ria.<\/p>\n","protected":false},"excerpt":{"rendered":"Pesquisadores t\u00eam se empenhado em compreender a vida na Gr\u00e3-Bretanha antes e durante o dom\u00ednio romano, revelando not\u00e1veis&hellip;\n","protected":false},"author":2,"featured_media":189827,"comment_status":"","ping_status":"","sticky":false,"template":"","format":"standard","meta":{"footnotes":""},"categories":[86],"tags":[3504,3471,19571,116,736,10383,62,13,32,33,117,2883],"class_list":{"0":"post-189826","1":"post","2":"type-post","3":"status-publish","4":"format-standard","5":"has-post-thumbnail","7":"category-saude","8":"tag-arqueologia","9":"tag-curiosidades","10":"tag-gra-bretanha","11":"tag-health","12":"tag-historia","13":"tag-imperio-romano","14":"tag-mundo","15":"tag-noticias","16":"tag-portugal","17":"tag-pt","18":"tag-saude","19":"tag-urbanismo"},"share_on_mastodon":{"url":"https:\/\/pubeurope.com\/@pt\/115725588639951325","error":""},"_links":{"self":[{"href":"https:\/\/www.europesays.com\/pt\/wp-json\/wp\/v2\/posts\/189826","targetHints":{"allow":["GET"]}}],"collection":[{"href":"https:\/\/www.europesays.com\/pt\/wp-json\/wp\/v2\/posts"}],"about":[{"href":"https:\/\/www.europesays.com\/pt\/wp-json\/wp\/v2\/types\/post"}],"author":[{"embeddable":true,"href":"https:\/\/www.europesays.com\/pt\/wp-json\/wp\/v2\/users\/2"}],"replies":[{"embeddable":true,"href":"https:\/\/www.europesays.com\/pt\/wp-json\/wp\/v2\/comments?post=189826"}],"version-history":[{"count":0,"href":"https:\/\/www.europesays.com\/pt\/wp-json\/wp\/v2\/posts\/189826\/revisions"}],"wp:featuredmedia":[{"embeddable":true,"href":"https:\/\/www.europesays.com\/pt\/wp-json\/wp\/v2\/media\/189827"}],"wp:attachment":[{"href":"https:\/\/www.europesays.com\/pt\/wp-json\/wp\/v2\/media?parent=189826"}],"wp:term":[{"taxonomy":"category","embeddable":true,"href":"https:\/\/www.europesays.com\/pt\/wp-json\/wp\/v2\/categories?post=189826"},{"taxonomy":"post_tag","embeddable":true,"href":"https:\/\/www.europesays.com\/pt\/wp-json\/wp\/v2\/tags?post=189826"}],"curies":[{"name":"wp","href":"https:\/\/api.w.org\/{rel}","templated":true}]}}