{"id":189839,"date":"2025-12-15T21:10:08","date_gmt":"2025-12-15T21:10:08","guid":{"rendered":"https:\/\/www.europesays.com\/pt\/189839\/"},"modified":"2025-12-15T21:10:08","modified_gmt":"2025-12-15T21:10:08","slug":"leonardo-jardim-deixa-o-cruzeiro-para-preservar-a-saude","status":"publish","type":"post","link":"https:\/\/www.europesays.com\/pt\/189839\/","title":{"rendered":"Leonardo Jardim deixa o Cruzeiro &#8220;para preservar a sa\u00fade&#8221;"},"content":{"rendered":"<p data-remotead-prev-elm=\"true\" data-remotead-elm-id=\"inread\">&#8220;O nosso contrato era at\u00e9 ao final de 2026, com a possibilidade de sair antes e eu acionei essa cl\u00e1usula para n\u00e3o continuar. Os motivos s\u00e3o pessoais, o desgaste deste ano. Alguns sinais alertaram-me: &#8216;Jardim, p\u00e1ra um pouco, a tua sa\u00fade f\u00edsica e mental precisa de ser preservada&#8221;, referiu, esta segunda-feira, Leonardo Jardim.<\/p>\n<p>&#8220;O trabalho do treinador n\u00e3o pode ser feito de qualquer forma e hoje eu n\u00e3o consigo entregar 200% em janeiro. Foi uma gratid\u00e3o trabalhar no Cruzeiro, com o apoio que o Pedrinho (dono da SAF) sempre me deu. Quero estar com a minha fam\u00edlia, com os meus pais, resolver coisas da minha vida&#8221;, acrescentou o treinador, de 51 anos.<\/p>\n<p>Leonardo Jardim despede-se do Cruzeiro com o sabor amargo de n\u00e3o ter conquistado um trof\u00e9u. &#8220;S\u00f3 n\u00e3o consegui um objetivo, que era sair com um trof\u00e9u, era isso em que acreditava at\u00e9 ontem (derrota com o Corinthians na meia-final da Copa do Brasil), que poderia ser algo al\u00e9m das experi\u00eancias fant\u00e1sticas. Conseguimos a vaga na Libertadores, mas faltou o trof\u00e9u. Fico muito triste e frustrado&#8221;, completou.<\/p>\n","protected":false},"excerpt":{"rendered":"&#8220;O nosso contrato era at\u00e9 ao final de 2026, com a possibilidade de sair antes e eu acionei&hellip;\n","protected":false},"author":2,"featured_media":189840,"comment_status":"","ping_status":"","sticky":false,"template":"","format":"standard","meta":{"footnotes":""},"categories":[87],"tags":[1620,135,524,24024,32,33,134],"class_list":{"0":"post-189839","1":"post","2":"type-post","3":"status-publish","4":"format-standard","5":"has-post-thumbnail","7":"category-desporto","8":"tag-brasileirao","9":"tag-desporto","10":"tag-futebol","11":"tag-leonardo-jardim","12":"tag-portugal","13":"tag-pt","14":"tag-sports"},"share_on_mastodon":{"url":"https:\/\/pubeurope.com\/@pt\/115725639681713803","error":""},"_links":{"self":[{"href":"https:\/\/www.europesays.com\/pt\/wp-json\/wp\/v2\/posts\/189839","targetHints":{"allow":["GET"]}}],"collection":[{"href":"https:\/\/www.europesays.com\/pt\/wp-json\/wp\/v2\/posts"}],"about":[{"href":"https:\/\/www.europesays.com\/pt\/wp-json\/wp\/v2\/types\/post"}],"author":[{"embeddable":true,"href":"https:\/\/www.europesays.com\/pt\/wp-json\/wp\/v2\/users\/2"}],"replies":[{"embeddable":true,"href":"https:\/\/www.europesays.com\/pt\/wp-json\/wp\/v2\/comments?post=189839"}],"version-history":[{"count":0,"href":"https:\/\/www.europesays.com\/pt\/wp-json\/wp\/v2\/posts\/189839\/revisions"}],"wp:featuredmedia":[{"embeddable":true,"href":"https:\/\/www.europesays.com\/pt\/wp-json\/wp\/v2\/media\/189840"}],"wp:attachment":[{"href":"https:\/\/www.europesays.com\/pt\/wp-json\/wp\/v2\/media?parent=189839"}],"wp:term":[{"taxonomy":"category","embeddable":true,"href":"https:\/\/www.europesays.com\/pt\/wp-json\/wp\/v2\/categories?post=189839"},{"taxonomy":"post_tag","embeddable":true,"href":"https:\/\/www.europesays.com\/pt\/wp-json\/wp\/v2\/tags?post=189839"}],"curies":[{"name":"wp","href":"https:\/\/api.w.org\/{rel}","templated":true}]}}