{"id":189851,"date":"2025-12-15T21:18:31","date_gmt":"2025-12-15T21:18:31","guid":{"rendered":"https:\/\/www.europesays.com\/pt\/189851\/"},"modified":"2025-12-15T21:18:31","modified_gmt":"2025-12-15T21:18:31","slug":"angelica-se-derrete-ao-registrar-momento-especial-da-filha-que-seja-sempre-assim","status":"publish","type":"post","link":"https:\/\/www.europesays.com\/pt\/189851\/","title":{"rendered":"Ang\u00e9lica se derrete ao registrar momento especial da filha: &#8216;Que seja sempre assim&#8217;"},"content":{"rendered":"<p>A \u00a0apresentadora\u00a0<a href=\"https:\/\/caras.com.br\/tags\/angelica\" rel=\"nofollow noopener\" target=\"_blank\"><strong>Ang\u00e9lica<\/strong><\/a> usou as redes sociais neste domingo, 14, para compartilhar registros de um momento especial em fam\u00edlia. Na publica\u00e7\u00e3o, ela mostrou<a href=\"https:\/\/caras.com.br\/eventos\/filha-de-luciano-huck-e-angelica-brilha-no-palco-e-rouba-a-cena-com-figurino-de-arrasar.phtml\" rel=\"nofollow noopener\" target=\"_blank\"> imagens das apresenta\u00e7\u00f5es art\u00edsticas da filha ca\u00e7ula,<\/a> <strong>Eva<\/strong>, fruto de seu casamento com o apresentador <strong><a href=\"https:\/\/caras.com.br\/tags\/luciano-huck\" rel=\"nofollow noopener\" target=\"_blank\">Luciano Huck.<\/a><\/strong><\/p>\n<p>A apresenta\u00e7\u00e3o aconteceu em um teatro no Rio de Janeiro. Al\u00e9m dos pais, Eva contou com a presen\u00e7a da av\u00f3 materna, Dona <strong>Angelina<\/strong>, e do irm\u00e3o do meio,\u00a0<strong>Ben\u00edcio Huck<\/strong>.<\/p>\n<p>Em seu perfil no Instagram, a apresentadora mostrou a menina dan\u00e7ando bal\u00e9, sapateando e atuando. \u201cNeste fim de semana, meu cora\u00e7\u00e3o se encheu de orgulho e amor ao ver a Eva mostrando sua arte. E n\u00e3o \u00e9 uma s\u00f3, s\u00e3o muitas\u201d, se derreteu na legenda.<\/p>\n<p>\u201cEla dan\u00e7ou, sapateou e atuou o dia inteiro, sempre com um sorriso no rosto, um sorriso que n\u00e3o mostrava cansa\u00e7o, mas prazer, entrega e felicidade. Ela transcende. Meu amor, que seja sempre assim, que voc\u00ea se realize por meio da sua arte com leveza e encontre nela alegria e verdade. Tenho um orgulho imenso de voc\u00ea\u201d, finalizou a apresentadora.<\/p>\n<p>\t <img loading=\"lazy\" decoding=\"async\" class=\"size-full wp-image-1044483 img-fluid lazy\" alt=\"Ang\u00e9lica mostra apresenta\u00e7\u00e3o de dan\u00e7a da filha, Eva Huck - Foto: Instagram @angelica\" width=\"1080\" height=\"1433\" src=\"https:\/\/www.europesays.com\/pt\/wp-content\/uploads\/2025\/12\/Neste-fim-de-semana-meu-coracao-se-encheu-de-orgulho-e-amor-ao-ver-a-Eva-mostrando-sua-arte.-E-2.jpg\"  \/>Ang\u00e9lica mostra apresenta\u00e7\u00e3o de dan\u00e7a da filha, Eva Huck \u2013 Foto: Instagram @angelica <img loading=\"lazy\" decoding=\"async\" class=\"size-full wp-image-1044484 img-fluid lazy\" alt=\"Ang\u00e9lica mostra apresenta\u00e7\u00e3o de dan\u00e7a da filha, Eva Huck - Foto: Instagram @angelica\" width=\"1080\" height=\"1440\" src=\"https:\/\/www.europesays.com\/pt\/wp-content\/uploads\/2025\/12\/Neste-fim-de-semana-meu-coracao-se-encheu-de-orgulho-e-amor-ao-ver-a-Eva-mostrando-sua-arte.-E-1.jpg\"  \/>Ang\u00e9lica mostra apresenta\u00e7\u00e3o de dan\u00e7a da filha, Eva Huck \u2013 Foto: Instagram @angelica <img loading=\"lazy\" decoding=\"async\" class=\"size-full wp-image-1044485 img-fluid lazy\" alt=\"Ang\u00e9lica mostra apresenta\u00e7\u00e3o de dan\u00e7a da filha, Eva Huck - Foto: Instagram @angelica\" width=\"1080\" height=\"1440\" src=\"https:\/\/www.europesays.com\/pt\/wp-content\/uploads\/2025\/12\/Neste-fim-de-semana-meu-coracao-se-encheu-de-orgulho-e-amor-ao-ver-a-Eva-mostrando-sua-arte.-E-.jpg\"  \/>Ang\u00e9lica mostra apresenta\u00e7\u00e3o de dan\u00e7a da filha, Eva Huck \u2013 Foto: Instagram @angelica <img loading=\"lazy\" decoding=\"async\" class=\"size-full wp-image-1044486 img-fluid lazy\" alt=\"Ang\u00e9lica mostra apresenta\u00e7\u00e3o de dan\u00e7a da filha, Eva Huck - Foto: Instagram @angelica\" width=\"1080\" height=\"1433\" src=\"https:\/\/www.europesays.com\/pt\/wp-content\/uploads\/2025\/12\/Neste-fim-de-semana-meu-coracao-se-encheu-de-orgulho-e-amor-ao-ver-a-Eva-mostrando-sua-arte.-E-3.jpg\"  \/>Ang\u00e9lica mostra apresenta\u00e7\u00e3o de dan\u00e7a da filha, Eva Huck \u2013 Foto: Instagram @angelica Como foi o anivers\u00e1rio de 13 anos de Eva? <\/p>\n<p>A herdeira dos apresentadores celebrou a chegada de seus 13 anos em setembro de 2025 com uma <a href=\"https:\/\/caras.com.br\/festas\/festa-de-eva-huck-angelica-revela-detalhes-do-aniversario-de-13-anos-da-filha.phtml\" rel=\"nofollow noopener\" target=\"_blank\">festa na mans\u00e3o da fam\u00edlia no Rio de Janeiro<\/a>. A celebra\u00e7\u00e3o teve como inspira\u00e7\u00e3o o universo das baladas. A decora\u00e7\u00e3o apostou em tons prateados, presentes nos bal\u00f5es que ornamentaram o espa\u00e7o e tamb\u00e9m no bolo, elaborado com detalhes que remetiam a bolas de espelho.<\/p>\n<p>Leia tamb\u00e9m: <a href=\"https:\/\/caras.com.br\/tv\/a-vida-secreta-dos-herdeiros-huck-curiosidades-sobre-joaquim-benicio-e-eva.phtml\" rel=\"nofollow noopener\" target=\"_blank\">A vida secreta dos herdeiros Huck: Curiosidades sobre Joaquim, Ben\u00edcio e Eva<\/a><\/p>\n<blockquote class=\"instagram-media\" style=\"background: #FFF; border: 0; border-radius: 3px; box-shadow: 0 0 1px 0 rgba(0,0,0,0.5),0 1px 10px 0 rgba(0,0,0,0.15); margin: 1px; max-width: 540px; min-width: 326px; padding: 0; width: calc(100% - 2px);\" data-instgrm-captioned=\"\" data-instgrm-permalink=\"https:\/\/www.instagram.com\/p\/DSRCbjZDsCT\/?utm_source=ig_embed&amp;utm_campaign=loading\" data-instgrm-version=\"14\"><\/blockquote>\n<p>        <a href=\"https:\/\/caras.com.br\/autor\/juliana-dracz\" rel=\"nofollow noopener\" target=\"_blank\">&#13;<br \/>\n          <img loading=\"lazy\" decoding=\"async\" alt=\"Juliana Dracz\" src=\"https:\/\/www.europesays.com\/pt\/wp-content\/uploads\/2025\/09\/436551461_2434711450057729_5105646040807821088_n_sqmd.png\" class=\"avatar avatar-115 photo rounded-circle\" height=\"115\" width=\"115\"\/>        <\/a><\/p>\n<p>Juliana Dracz \u00e9 rep\u00f3rter de conte\u00fado do site CARAS. Formada em Jornalismo pela Universidade Cat\u00f3lica de Bras\u00edlia, ela j\u00e1 trabalhou em grandes sites de entretenimento. Atualmente, escreve sobre novelas, celebridades e TV.<\/p>\n<p>\t                                            <script async src=\"\/\/www.instagram.com\/embed.js\"><\/script><\/p>\n","protected":false},"excerpt":{"rendered":"A \u00a0apresentadora\u00a0Ang\u00e9lica usou as redes sociais neste domingo, 14, para compartilhar registros de um momento especial em fam\u00edlia.&hellip;\n","protected":false},"author":2,"featured_media":189852,"comment_status":"","ping_status":"","sticky":false,"template":"","format":"standard","meta":{"footnotes":""},"categories":[145],"tags":[13885,211,210,114,115,22651,38288,2815,32,33],"class_list":{"0":"post-189851","1":"post","2":"type-post","3":"status-publish","4":"format-standard","5":"has-post-thumbnail","7":"category-celebridades","8":"tag-angelica","9":"tag-celebridades","10":"tag-celebrities","11":"tag-entertainment","12":"tag-entretenimento","13":"tag-eva-huck","14":"tag-filha-luciano-huck","15":"tag-luciano-huck","16":"tag-portugal","17":"tag-pt"},"share_on_mastodon":{"url":"https:\/\/pubeurope.com\/@pt\/115725671432062936","error":""},"_links":{"self":[{"href":"https:\/\/www.europesays.com\/pt\/wp-json\/wp\/v2\/posts\/189851","targetHints":{"allow":["GET"]}}],"collection":[{"href":"https:\/\/www.europesays.com\/pt\/wp-json\/wp\/v2\/posts"}],"about":[{"href":"https:\/\/www.europesays.com\/pt\/wp-json\/wp\/v2\/types\/post"}],"author":[{"embeddable":true,"href":"https:\/\/www.europesays.com\/pt\/wp-json\/wp\/v2\/users\/2"}],"replies":[{"embeddable":true,"href":"https:\/\/www.europesays.com\/pt\/wp-json\/wp\/v2\/comments?post=189851"}],"version-history":[{"count":0,"href":"https:\/\/www.europesays.com\/pt\/wp-json\/wp\/v2\/posts\/189851\/revisions"}],"wp:featuredmedia":[{"embeddable":true,"href":"https:\/\/www.europesays.com\/pt\/wp-json\/wp\/v2\/media\/189852"}],"wp:attachment":[{"href":"https:\/\/www.europesays.com\/pt\/wp-json\/wp\/v2\/media?parent=189851"}],"wp:term":[{"taxonomy":"category","embeddable":true,"href":"https:\/\/www.europesays.com\/pt\/wp-json\/wp\/v2\/categories?post=189851"},{"taxonomy":"post_tag","embeddable":true,"href":"https:\/\/www.europesays.com\/pt\/wp-json\/wp\/v2\/tags?post=189851"}],"curies":[{"name":"wp","href":"https:\/\/api.w.org\/{rel}","templated":true}]}}