{"id":189873,"date":"2025-12-15T21:42:08","date_gmt":"2025-12-15T21:42:08","guid":{"rendered":"https:\/\/www.europesays.com\/pt\/189873\/"},"modified":"2025-12-15T21:42:08","modified_gmt":"2025-12-15T21:42:08","slug":"homem-aranha-de-tom-holland-sera-um-dos-protagonistas-de-vingadores-guerras-secretas-diz-rumor","status":"publish","type":"post","link":"https:\/\/www.europesays.com\/pt\/189873\/","title":{"rendered":"Homem-Aranha de Tom Holland ser\u00e1 um dos protagonistas de Vingadores: Guerras Secretas, diz rumor"},"content":{"rendered":"<p class=\"wp-block-yoast-seo-estimated-reading-time yoast-reading-time__wrapper\">Estimated reading time: 2 minutos<\/p>\n<p>Ainda n\u00e3o est\u00e1 claro se o <a href=\"https:\/\/ovicio.com.br\/tag\/Homem-Aranha\/\" target=\"_blank\" rel=\"noreferrer noopener nofollow\">Homem-Aranha<\/a> estar\u00e1 em <a href=\"https:\/\/ovicio.com.br\/filme\/avengers-doomsday\" rel=\"nofollow noopener\" target=\"_blank\">Vingadores: Destino (2026)<\/a>, mas se estiver, n\u00e3o ter\u00e1 uma participa\u00e7\u00e3o grande. Em <a href=\"https:\/\/ovicio.com.br\/filme\/vingadores-guerras-secretas\/\" target=\"_blank\" rel=\"noreferrer noopener nofollow\">Guerras Secretas (2027)<\/a>, no entanto, a situa\u00e7\u00e3o deve ser diferente.<\/p>\n<p>De acordo com o Cosmic Circus, <strong>Tom Holland <\/strong>est\u00e1 pronto para passar meses na produ\u00e7\u00e3o do longa em Londres em 2026, pois ser\u00e1 um dos protagonistas do filme.<\/p>\n<p>Como a<strong> Marvel Studios<\/strong> ainda n\u00e3o confirmou o relato, \u00e9 prudente o trat\u00e1-lo como rumor. No entanto, faz sentido que o Cabe\u00e7a de Teia parta inteiramente para o jogo do <strong>Destino <\/strong>depois do seu novo filme solo.<\/p>\n<p>Dirigido pelos <strong>Irm\u00e3os Russo<\/strong>,<strong>Vingadores: Guerras Secretas<\/strong> tem estreia agendada para 18 de dezembro de 2026.<\/p>\n<p>Leia mais sobre Vingadores:<\/p>\n<p><strong>Fonte:<\/strong> <a href=\"https:\/\/thecosmiccircus.com\/alex-perez-decqa3-spider-man-brand-new-day-agatha-thunderbolts\/\" target=\"_blank\" rel=\"noreferrer noopener nofollow\">CosmicCircus<\/a><\/p>\n","protected":false},"excerpt":{"rendered":"Estimated reading time: 2 minutos Ainda n\u00e3o est\u00e1 claro se o Homem-Aranha estar\u00e1 em Vingadores: Destino (2026), mas&hellip;\n","protected":false},"author":2,"featured_media":189874,"comment_status":"","ping_status":"","sticky":false,"template":"","format":"standard","meta":{"footnotes":"","_share_on_mastodon":"0"},"categories":[140],"tags":[13291,13293,37710,14401,16993,32382,4417,37773,13295,23390,7539,1579,30690,30847,114,115,147,148,13296,32100,29054,37774,37775,9191,13297,31514,9473,15530,13300,19337,18008,13301,13302,12733,146,37776,22843,32,33,13305,13306,7538,13307,20982,12151,6705,6386,37777,37711,14176,16368,32059,11192,8107],"class_list":["post-189873","post","type-post","status-publish","format-standard","has-post-thumbnail","category-filmes","tag-alan-cumming","tag-anthony-mackie","tag-avengers-doomsday","tag-benedict-cumberbatch","tag-channing-tatum","tag-chiwetel-ejiofor","tag-chris-evans","tag-ciclope","tag-david-harbour","tag-deadpool","tag-disney-plus","tag-disney","tag-doutor-destino","tag-doutor-estranho","tag-entertainment","tag-entretenimento","tag-film","tag-filmes","tag-florence-pugh","tag-gambit","tag-gaviao-arqueiro","tag-groot","tag-guerras-secretas","tag-halle-berry","tag-hannah-john-kamen","tag-hayley-atwell","tag-homem-de-ferro","tag-hugh-jackman","tag-james-marsden","tag-jeremy-renner","tag-julia-louis-dreyfus","tag-kelsey-grammer","tag-letitia-wright","tag-marvel-studios","tag-movies","tag-noturno","tag-paul-bettany","tag-portugal","tag-pt","tag-rebecca-romijn","tag-robert-downey-jr","tag-ryan-reynolds","tag-sebastian-stan","tag-tempestade","tag-tobey-maguire","tag-tom-holland","tag-vingadores","tag-vingadores-5","tag-vingadores-destino","tag-vingadores-doomsday","tag-vingadores-guerras-secretas","tag-visionquest","tag-wyatt-russell","tag-x-men"],"share_on_mastodon":{"url":"","error":"Validation failed: Text character limit of 500 exceeded"},"_links":{"self":[{"href":"https:\/\/www.europesays.com\/pt\/wp-json\/wp\/v2\/posts\/189873","targetHints":{"allow":["GET"]}}],"collection":[{"href":"https:\/\/www.europesays.com\/pt\/wp-json\/wp\/v2\/posts"}],"about":[{"href":"https:\/\/www.europesays.com\/pt\/wp-json\/wp\/v2\/types\/post"}],"author":[{"embeddable":true,"href":"https:\/\/www.europesays.com\/pt\/wp-json\/wp\/v2\/users\/2"}],"replies":[{"embeddable":true,"href":"https:\/\/www.europesays.com\/pt\/wp-json\/wp\/v2\/comments?post=189873"}],"version-history":[{"count":0,"href":"https:\/\/www.europesays.com\/pt\/wp-json\/wp\/v2\/posts\/189873\/revisions"}],"wp:featuredmedia":[{"embeddable":true,"href":"https:\/\/www.europesays.com\/pt\/wp-json\/wp\/v2\/media\/189874"}],"wp:attachment":[{"href":"https:\/\/www.europesays.com\/pt\/wp-json\/wp\/v2\/media?parent=189873"}],"wp:term":[{"taxonomy":"category","embeddable":true,"href":"https:\/\/www.europesays.com\/pt\/wp-json\/wp\/v2\/categories?post=189873"},{"taxonomy":"post_tag","embeddable":true,"href":"https:\/\/www.europesays.com\/pt\/wp-json\/wp\/v2\/tags?post=189873"}],"curies":[{"name":"wp","href":"https:\/\/api.w.org\/{rel}","templated":true}]}}