{"id":189879,"date":"2025-12-15T21:45:18","date_gmt":"2025-12-15T21:45:18","guid":{"rendered":"https:\/\/www.europesays.com\/pt\/189879\/"},"modified":"2025-12-15T21:45:18","modified_gmt":"2025-12-15T21:45:18","slug":"carlos-areia-recupera-de-cirurgia-ao-tornozelo-com-rosa-bela-ao-seu-lado","status":"publish","type":"post","link":"https:\/\/www.europesays.com\/pt\/189879\/","title":{"rendered":"Carlos Areia recupera de cirurgia ao tornozelo com Rosa Bela ao seu lado"},"content":{"rendered":"<p data-remotead-prev-elm=\"true\" data-remotead-elm-id=\"inread\">Rosa Bela, de 33 anos, voltou a recorrer \u00e0s redes sociais para partilhar um momento vivido ao lado do marido, Carlos Areia, de 81, que se encontra em recupera\u00e7\u00e3o depois de uma cirurgia ao tornozelo. O ator foi hospitalizado ap\u00f3s uma queda, situa\u00e7\u00e3o que levou a atriz a atualizar publicamente o seu estado de sa\u00fade nos \u00faltimos dias.<\/p>\n<p>Desta vez, a partilha teve um tom mais pessoal. Rosa Bela revelou o texto que escreveu a Carlos Areia durante o internamento, num registo marcado pela proximidade e pela admira\u00e7\u00e3o. &#8220;Escrevi para ti! Meu Carlos, meu amor. Meu amor, meu Carlos, homem de passos firmes e alma de sol nascente, mesmo quando o corpo trope\u00e7a a tua luz continua inteira. \u00c9s for\u00e7a que n\u00e3o se mede, \u00e9s coragem que n\u00e3o se diz, \u00e9s aquele cora\u00e7\u00e3o antigo que ainda bate como um rapaz feliz&#8221;, publicou.<\/p>\n<p>Ao longo da mensagem, a atriz fala da pausa for\u00e7ada imposta pela recupera\u00e7\u00e3o e da forma como a vive ao lado do companheiro. &#8220;H\u00e1 uma semana o mundo pediu-te pausa, mas n\u00e3o te tirou o brilho; apenas te sentou um instante para que eu te pudesse segurar com as duas m\u00e3os, com o peito todo, com o amor que tenho por ti. \u00c9s o meu riso, a minha calma, o meu colo e o meu caminho. E mesmo agora, neste sil\u00eancio de recupera\u00e7\u00e3o, vejo-te t\u00e3o grande, t\u00e3o belo, t\u00e3o vivo no teu infinito de artista&#8221;, acrescentou.<\/p>\n<p>Amor incondicional<\/p>\n<p data-remotead-prev-elm=\"true\" data-remotead-elm-id=\"centro1\">O texto termina com uma promessa de presen\u00e7a constante e de confian\u00e7a no futuro. &#8220;A vida pode ter-te parado os passos, mas nunca te parou a alma. E enquanto te reconstr\u00f3is, eu reconstruo-me contigo, porque amar-te \u00e9 isso: ser casa, ser ref\u00fagio, ser luz ao teu lado at\u00e9 voltares a dan\u00e7ar o mundo. Meu Carlos, meu amor, tu voltas sempre \u00e0 vida, ao palco, e ao lugar onde sempre pertenceste: o meu cora\u00e7\u00e3o&#8221;, concluiu.<\/p>\n<p>A publica\u00e7\u00e3o ocorre poucos dias depois de Rosa Bela ter relatado as dificuldades sentidas no momento em que Carlos Areia sofreu a fratura. Perante a inexist\u00eancia de ambul\u00e2ncias dispon\u00edveis, foi a pr\u00f3pria atriz quem transportou o marido para o hospital.<\/p>\n<p>&#8220;N\u00e3o sei onde isto vai parar! Transportei o meu marido no nosso pr\u00f3prio carro, porque n\u00e3o havia ambul\u00e2ncias dispon\u00edveis. Ele estava com o tornozelo partido, em dor extrema, e mesmo assim tivemos de nos desenrascar sozinhos&#8221;, escreveu ent\u00e3o, numa den\u00fancia que gerou in\u00fameras rea\u00e7\u00f5es de apoio.<\/p>\n<p data-remotead-prev-elm=\"true\" data-remotead-elm-id=\"centro2\">Rosa Bela e Carlos Areia casaram a 27 de julho de 2025, numa cerim\u00f3nia realizada na Herdade da Emberiza, em Alenquer, ap\u00f3s 16 anos de namoro e um noivado anunciado em 2019.<\/p>\n<p>Com 48 anos de diferen\u00e7a, o casal enfrentou resist\u00eancias no in\u00edcio da rela\u00e7\u00e3o, mas tem sublinhado ao longo do tempo a solidez do v\u00ednculo que os une. J\u00e1 revelaram, inclusivamente, que ponderam ter um filho em comum, mantendo um projeto de vida sem prazo de validade.<\/p>\n","protected":false},"excerpt":{"rendered":"Rosa Bela, de 33 anos, voltou a recorrer \u00e0s redes sociais para partilhar um momento vivido ao lado&hellip;\n","protected":false},"author":2,"featured_media":189880,"comment_status":"","ping_status":"","sticky":false,"template":"","format":"standard","meta":{"footnotes":""},"categories":[85],"tags":[2657,1435,5953,4357,114,115,32,33,2656,117],"class_list":{"0":"post-189879","1":"post","2":"type-post","3":"status-publish","4":"format-standard","5":"has-post-thumbnail","7":"category-entretenimento","8":"tag-carlos-areia","9":"tag-casamento","10":"tag-cirurgia","11":"tag-doenca","12":"tag-entertainment","13":"tag-entretenimento","14":"tag-portugal","15":"tag-pt","16":"tag-rosa-bela","17":"tag-saude"},"share_on_mastodon":{"url":"https:\/\/pubeurope.com\/@pt\/115725777256197675","error":""},"_links":{"self":[{"href":"https:\/\/www.europesays.com\/pt\/wp-json\/wp\/v2\/posts\/189879","targetHints":{"allow":["GET"]}}],"collection":[{"href":"https:\/\/www.europesays.com\/pt\/wp-json\/wp\/v2\/posts"}],"about":[{"href":"https:\/\/www.europesays.com\/pt\/wp-json\/wp\/v2\/types\/post"}],"author":[{"embeddable":true,"href":"https:\/\/www.europesays.com\/pt\/wp-json\/wp\/v2\/users\/2"}],"replies":[{"embeddable":true,"href":"https:\/\/www.europesays.com\/pt\/wp-json\/wp\/v2\/comments?post=189879"}],"version-history":[{"count":0,"href":"https:\/\/www.europesays.com\/pt\/wp-json\/wp\/v2\/posts\/189879\/revisions"}],"wp:featuredmedia":[{"embeddable":true,"href":"https:\/\/www.europesays.com\/pt\/wp-json\/wp\/v2\/media\/189880"}],"wp:attachment":[{"href":"https:\/\/www.europesays.com\/pt\/wp-json\/wp\/v2\/media?parent=189879"}],"wp:term":[{"taxonomy":"category","embeddable":true,"href":"https:\/\/www.europesays.com\/pt\/wp-json\/wp\/v2\/categories?post=189879"},{"taxonomy":"post_tag","embeddable":true,"href":"https:\/\/www.europesays.com\/pt\/wp-json\/wp\/v2\/tags?post=189879"}],"curies":[{"name":"wp","href":"https:\/\/api.w.org\/{rel}","templated":true}]}}