{"id":189881,"date":"2025-12-15T21:46:10","date_gmt":"2025-12-15T21:46:10","guid":{"rendered":"https:\/\/www.europesays.com\/pt\/189881\/"},"modified":"2025-12-15T21:46:10","modified_gmt":"2025-12-15T21:46:10","slug":"prefeitura-de-carapicuiba-sp-natal-mais-feliz-no-parque-dos-paturis-distribui-brinquedos-a-milhares-de-criancas","status":"publish","type":"post","link":"https:\/\/www.europesays.com\/pt\/189881\/","title":{"rendered":"Prefeitura de Carapicu\u00edba\/SP | Natal Mais Feliz no Parque dos Paturis distribui brinquedos a milhares de crian\u00e7as"},"content":{"rendered":"<p>                <strong>Natal Mais Feliz no Parque dos Paturis distribui brinquedos a milhares de crian\u00e7as<\/strong><\/p>\n<p>                                                    Secretarias: Mulher, Assist\u00eancia Social e Cidadania<br \/>\n                                                                    Data de Publica\u00e7\u00e3o: 15 de dezembro de 2025<\/p>\n<p class=\"text-justify dontPrint\">\n                                                    <img decoding=\"async\" src=\"https:\/\/www.europesays.com\/pt\/wp-content\/uploads\/2025\/12\/media_QGj3UcQD0exv9qszfnsEgSfvbjL4VJbp.jpg\" width=\"60%\" height=\"70%\" alt=\"natal-mais-feliz-no-parque-dos-paturis-distribui-brinquedos-a-milhares-de-criancas\" style=\"display:inline; float:left; margin-right:20px;\"\/>\n                                                <\/p>\n<p style=\"font-weight:400;text-align:justify;\">A Prefeitura de Carapicu\u00edba realizou no domingo (14) o tradicional \u201cNatal Mais Feliz\u201d, para as crian\u00e7as da rede municipal de ensino e em situa\u00e7\u00e3o de vulnerabilidade social da cidade. A celebra\u00e7\u00e3o aconteceu no Parque dos Paturis e contou com a presen\u00e7a de mais de cinco mil pessoas.<\/p>\n<p style=\"font-weight:400;text-align:justify;\">A festa teve diversas atra\u00e7\u00f5es para a crian\u00e7ada como brinquedos infl\u00e1veis e cama el\u00e1stica. Os pequenos tamb\u00e9m se encantaram com a visita do Papai Noel e com a presen\u00e7a de personagens como Patrulha Canina, Sonic, Mickey, Minnie, Pateta e Mario.<\/p>\n<p style=\"font-weight:400;text-align:justify;\">Cada crian\u00e7a recebeu um presente de Natal. Entre as op\u00e7\u00f5es dispon\u00edveis havia bonecas, caminh\u00f5es, bolas, carrinhos e pe\u00e7as de montar.<\/p>\n<p style=\"font-weight:400;text-align:justify;\">O pequeno Derick Gaud\u00eancio estava feliz porque conheceu o Papai Noel: \u201ce tirei foto com ele\u201d, acrescentou. Maya Nascimento tamb\u00e9m fez foto com o Papai Noel: \u201ce ganhei uma boneca\u201d, comentou.<\/p>\n<p><\/p>\n","protected":false},"excerpt":{"rendered":"Natal Mais Feliz no Parque dos Paturis distribui brinquedos a milhares de crian\u00e7as Secretarias: Mulher, Assist\u00eancia Social e&hellip;\n","protected":false},"author":2,"featured_media":189882,"comment_status":"","ping_status":"","sticky":false,"template":"","format":"standard","meta":{"footnotes":""},"categories":[84],"tags":[20053,109,107,108,29028,38290,4299,7561,1133,32,33,105,103,104,106,110],"class_list":{"0":"post-189881","1":"post","2":"type-post","3":"status-publish","4":"format-standard","5":"has-post-thumbnail","7":"category-ciencia-e-tecnologia","8":"tag-brinquedos","9":"tag-ciencia","10":"tag-ciencia-e-tecnologia","11":"tag-cienciaetecnologia","12":"tag-feliz","13":"tag-inflaveis","14":"tag-mais","15":"tag-natal","16":"tag-noticia","17":"tag-portugal","18":"tag-pt","19":"tag-science","20":"tag-science-and-technology","21":"tag-scienceandtechnology","22":"tag-technology","23":"tag-tecnologia"},"share_on_mastodon":{"url":"https:\/\/pubeurope.com\/@pt\/115725781566356472","error":""},"_links":{"self":[{"href":"https:\/\/www.europesays.com\/pt\/wp-json\/wp\/v2\/posts\/189881","targetHints":{"allow":["GET"]}}],"collection":[{"href":"https:\/\/www.europesays.com\/pt\/wp-json\/wp\/v2\/posts"}],"about":[{"href":"https:\/\/www.europesays.com\/pt\/wp-json\/wp\/v2\/types\/post"}],"author":[{"embeddable":true,"href":"https:\/\/www.europesays.com\/pt\/wp-json\/wp\/v2\/users\/2"}],"replies":[{"embeddable":true,"href":"https:\/\/www.europesays.com\/pt\/wp-json\/wp\/v2\/comments?post=189881"}],"version-history":[{"count":0,"href":"https:\/\/www.europesays.com\/pt\/wp-json\/wp\/v2\/posts\/189881\/revisions"}],"wp:featuredmedia":[{"embeddable":true,"href":"https:\/\/www.europesays.com\/pt\/wp-json\/wp\/v2\/media\/189882"}],"wp:attachment":[{"href":"https:\/\/www.europesays.com\/pt\/wp-json\/wp\/v2\/media?parent=189881"}],"wp:term":[{"taxonomy":"category","embeddable":true,"href":"https:\/\/www.europesays.com\/pt\/wp-json\/wp\/v2\/categories?post=189881"},{"taxonomy":"post_tag","embeddable":true,"href":"https:\/\/www.europesays.com\/pt\/wp-json\/wp\/v2\/tags?post=189881"}],"curies":[{"name":"wp","href":"https:\/\/api.w.org\/{rel}","templated":true}]}}