{"id":189885,"date":"2025-12-15T21:49:12","date_gmt":"2025-12-15T21:49:12","guid":{"rendered":"https:\/\/www.europesays.com\/pt\/189885\/"},"modified":"2025-12-15T21:49:12","modified_gmt":"2025-12-15T21:49:12","slug":"com-sindicatos-nas-maos-do-chega-ha-a-sombra-de-uma-segunda-greve-geral","status":"publish","type":"post","link":"https:\/\/www.europesays.com\/pt\/189885\/","title":{"rendered":"Com sindicatos &#8220;nas m\u00e3os do Chega&#8221;, h\u00e1 a sombra de uma segunda greve geral"},"content":{"rendered":"<p data-remotead-prev-elm=\"true\" data-remotead-elm-id=\"inread\">Depois do Governo considerar a greve geral de quinta-feira &#8220;inexpressiva&#8221;, o antigo ministro Pedro Duarte, agora autarca do Porto, assinala que esta a\u00e7\u00e3o foi medi\u00e1tica e, a n\u00edvel de timing,<strong> &#8220;completamente desajustada&#8221;<\/strong>. \u00c9 o que diz no programa da <strong>TSF<\/strong> e da CNN Portugal, O Princ\u00edpio da Incerteza.<\/p>\n<p><strong><a href=\"https:\/\/www.tsf.pt\/programa\/o-principio-da-incerteza\" target=\"_blank\" rel=\"nofollow noopener\">OU\u00c7A O PRINC\u00cdPIO DA INCERTEZA<\/a><\/strong><\/p>\n<p>O social-democrata desvaloriza uma eventual segunda paralisa\u00e7\u00e3o, que seria &#8220;um bocadinho for\u00e7ada&#8221;, apontando que, caso aconte\u00e7a, &#8220;n\u00e3o vai ter a mesma ades\u00e3o&#8221;. E espera que o Governo n\u00e3o vacile perante os sindicatos, que est\u00e3o agora <strong>sem &#8220;trunfos&#8221; e &#8220;um pouco nas m\u00e3os do Chega&#8221;, o que constitui uma &#8220;absoluta ironia&#8221;.<\/strong> &#8220;Depende do que o Chega decidir [na vota\u00e7\u00e3o] para perceber se v\u00e3o ter sucesso ou n\u00e3o&#8221;, acrescenta.<\/p>\n<p data-remotead-prev-elm=\"true\" data-remotead-elm-id=\"centro1\">Em sentido contr\u00e1rio est\u00e1 a socialista Alexandra Leit\u00e3o, que critica a proposta da reforma \u00e0 lei laboral e a forma como foi apresentada, assim como a declara\u00e7\u00e3o do ministro Leit\u00e3o Amaro que disse que a greve geral foi &#8220;inexpressiva&#8221;. <\/p>\n<p>A atual vereadora na C\u00e2mara Municipal de Lisboa critica igualmente as opini\u00f5es de Pedro Duarte, apontando que &#8220;faz-se uma greve para demonstrar que os trabalhadores est\u00e3o contra alguma coisa e <strong>a vontade dos trabalhadores tem de pesar para um Governo&#8221;.<\/strong><\/p>\n<p>J\u00e1 Jos\u00e9 Pacheco Pereira defende que esta foi <strong>&#8220;uma guerra aberta pelo Governo&#8221;.<\/strong> <strong>&#8220;H\u00e1 uma parte do patronato portugu\u00eas que critica a iniciativa do Governo em ter criado uma turbul\u00eancia no mundo do trabalho.&#8221; <\/strong>Para o historiador, ainda \u00e9 preciso ver se esta greve se fica por um resultado simb\u00f3lico. <\/p>\n","protected":false},"excerpt":{"rendered":"Depois do Governo considerar a greve geral de quinta-feira &#8220;inexpressiva&#8221;, o antigo ministro Pedro Duarte, agora autarca do&hellip;\n","protected":false},"author":2,"featured_media":189886,"comment_status":"","ping_status":"","sticky":false,"template":"","format":"standard","meta":{"footnotes":""},"categories":[10],"tags":[27,28,15,16,31789,14,25,26,21,22,12,13,19,20,34658,52,32,23,24,33,20056,17,18,29,30,31],"class_list":{"0":"post-189885","1":"post","2":"type-post","3":"status-publish","4":"format-standard","5":"has-post-thumbnail","7":"category-portugal","8":"tag-breaking-news","9":"tag-breakingnews","10":"tag-featured-news","11":"tag-featurednews","12":"tag-greve-geral","13":"tag-headlines","14":"tag-latest-news","15":"tag-latestnews","16":"tag-main-news","17":"tag-mainnews","18":"tag-news","19":"tag-noticias","20":"tag-noticias-principais","21":"tag-noticiasprincipais","22":"tag-o-principio-da-incerteza","23":"tag-politica","24":"tag-portugal","25":"tag-principais-noticias","26":"tag-principaisnoticias","27":"tag-pt","28":"tag-reforma-laboral","29":"tag-top-stories","30":"tag-topstories","31":"tag-ultimas","32":"tag-ultimas-noticias","33":"tag-ultimasnoticias"},"share_on_mastodon":{"url":"https:\/\/pubeurope.com\/@pt\/115725793056894126","error":""},"_links":{"self":[{"href":"https:\/\/www.europesays.com\/pt\/wp-json\/wp\/v2\/posts\/189885","targetHints":{"allow":["GET"]}}],"collection":[{"href":"https:\/\/www.europesays.com\/pt\/wp-json\/wp\/v2\/posts"}],"about":[{"href":"https:\/\/www.europesays.com\/pt\/wp-json\/wp\/v2\/types\/post"}],"author":[{"embeddable":true,"href":"https:\/\/www.europesays.com\/pt\/wp-json\/wp\/v2\/users\/2"}],"replies":[{"embeddable":true,"href":"https:\/\/www.europesays.com\/pt\/wp-json\/wp\/v2\/comments?post=189885"}],"version-history":[{"count":0,"href":"https:\/\/www.europesays.com\/pt\/wp-json\/wp\/v2\/posts\/189885\/revisions"}],"wp:featuredmedia":[{"embeddable":true,"href":"https:\/\/www.europesays.com\/pt\/wp-json\/wp\/v2\/media\/189886"}],"wp:attachment":[{"href":"https:\/\/www.europesays.com\/pt\/wp-json\/wp\/v2\/media?parent=189885"}],"wp:term":[{"taxonomy":"category","embeddable":true,"href":"https:\/\/www.europesays.com\/pt\/wp-json\/wp\/v2\/categories?post=189885"},{"taxonomy":"post_tag","embeddable":true,"href":"https:\/\/www.europesays.com\/pt\/wp-json\/wp\/v2\/tags?post=189885"}],"curies":[{"name":"wp","href":"https:\/\/api.w.org\/{rel}","templated":true}]}}