{"id":189887,"date":"2025-12-15T21:50:28","date_gmt":"2025-12-15T21:50:28","guid":{"rendered":"https:\/\/www.europesays.com\/pt\/189887\/"},"modified":"2025-12-15T21:50:28","modified_gmt":"2025-12-15T21:50:28","slug":"quem-sao-as-vitimas-do-ataque-em-bondi-beach-observador","status":"publish","type":"post","link":"https:\/\/www.europesays.com\/pt\/189887\/","title":{"rendered":"Quem s\u00e3o as v\u00edtimas do ataque em Bondi Beach \u2013 Observador"},"content":{"rendered":"<p>O Minist\u00e9rio dos Neg\u00f3cios Estrangeiros de Israel tamb\u00e9m confirmou que pelo menos uma v\u00edtima mortal e um ferido s\u00e3o nacionais israelitas, <a href=\"https:\/\/www.timesofisrael.com\/liveblog_entry\/foreign-ministry-says-at-least-one-israeli-killed-in-sydney-hanukkah-shooting\/\" target=\"_blank\" rel=\"noopener nofollow\">avan\u00e7a o Times of Israel<\/a>. O c\u00f4nsul israelita deve visitar no hospital o cidad\u00e3o ferido e est\u00e1 em contacto com a fam\u00edlia da v\u00edtima mortal, sem revelar detalhes sobre as identidades dos dois afetados pelo ataque. Entretanto, o movimento Chabad revelou que um dos mortos \u00e9 <strong>Tibor Weitzen<\/strong>, de 78 anos, que imigrou de Israel em 1988 e estava no festival de Hanuc\u00e1 com a mulher e os netos.<\/p>\n<p>Outra v\u00edtima confirmada \u00e9 <strong>Marika Pogany<\/strong>, de 82 anos, que ser\u00e1 de nacionalidade eslovaca. O Presidente da Eslov\u00e1quia, Peter Pellegrini, <a href=\"https:\/\/twitter.com\/PellegriniP_\/status\/2000505028004446407\" target=\"_blank\" rel=\"noopener nofollow\">partilhou no X uma mensagem a confirmar que uma das v\u00edtimas \u00e9 uma cidad\u00e3 do pa\u00eds.<\/a><\/p>\n<p>Das 42 pessoas inicialmente transportadas para hospitais pr\u00f3ximos 27 continuam internadas, sendo seis em estado grave, seis em estado cr\u00edtico mas est\u00e1veis e outros 15 em condi\u00e7\u00e3o est\u00e1vel. Um dos feridos \u00e9 Ahmed el Ahmed, de 43 anos, <a href=\"https:\/\/observador.pt\/2025\/12\/14\/homem-filmado-a-desarmar-atirador-de-bondi-beach-ainda-nao-e-conhecida-a-sua-identidade\/\" target=\"_blank\" rel=\"noopener nofollow\">o homem que foi capaz de desarmar um dos atiradores,<\/a> que agora se sabe ter sido Sajid Akram, de 50 anos, que morreu no ataque. Ahmed foi baleado no bra\u00e7o e na m\u00e3o, passou por uma cirurgia e permanece internado.<\/p>\n<p>            <script async src=\"https:\/\/platform.twitter.com\/widgets.js\" charset=\"utf-8\"><\/script><\/p>\n","protected":false},"excerpt":{"rendered":"O Minist\u00e9rio dos Neg\u00f3cios Estrangeiros de Israel tamb\u00e9m confirmou que pelo menos uma v\u00edtima mortal e um ferido&hellip;\n","protected":false},"author":2,"featured_media":189888,"comment_status":"","ping_status":"","sticky":false,"template":"","format":"standard","meta":{"footnotes":""},"categories":[8],"tags":[11592,27,28,14098,15,16,14,25,26,21,22,62,12,13,19,20,32,23,24,33,17,18,29,30,31],"class_list":{"0":"post-189887","1":"post","2":"type-post","3":"status-publish","4":"format-standard","5":"has-post-thumbnail","7":"category-principais-noticias","8":"tag-austru00e1lia","9":"tag-breaking-news","10":"tag-breakingnews","11":"tag-estado-islu00e2mico","12":"tag-featured-news","13":"tag-featurednews","14":"tag-headlines","15":"tag-latest-news","16":"tag-latestnews","17":"tag-main-news","18":"tag-mainnews","19":"tag-mundo","20":"tag-news","21":"tag-noticias","22":"tag-noticias-principais","23":"tag-noticiasprincipais","24":"tag-portugal","25":"tag-principais-noticias","26":"tag-principaisnoticias","27":"tag-pt","28":"tag-top-stories","29":"tag-topstories","30":"tag-ultimas","31":"tag-ultimas-noticias","32":"tag-ultimasnoticias"},"share_on_mastodon":{"url":"https:\/\/pubeurope.com\/@pt\/115725796974026980","error":""},"_links":{"self":[{"href":"https:\/\/www.europesays.com\/pt\/wp-json\/wp\/v2\/posts\/189887","targetHints":{"allow":["GET"]}}],"collection":[{"href":"https:\/\/www.europesays.com\/pt\/wp-json\/wp\/v2\/posts"}],"about":[{"href":"https:\/\/www.europesays.com\/pt\/wp-json\/wp\/v2\/types\/post"}],"author":[{"embeddable":true,"href":"https:\/\/www.europesays.com\/pt\/wp-json\/wp\/v2\/users\/2"}],"replies":[{"embeddable":true,"href":"https:\/\/www.europesays.com\/pt\/wp-json\/wp\/v2\/comments?post=189887"}],"version-history":[{"count":0,"href":"https:\/\/www.europesays.com\/pt\/wp-json\/wp\/v2\/posts\/189887\/revisions"}],"wp:featuredmedia":[{"embeddable":true,"href":"https:\/\/www.europesays.com\/pt\/wp-json\/wp\/v2\/media\/189888"}],"wp:attachment":[{"href":"https:\/\/www.europesays.com\/pt\/wp-json\/wp\/v2\/media?parent=189887"}],"wp:term":[{"taxonomy":"category","embeddable":true,"href":"https:\/\/www.europesays.com\/pt\/wp-json\/wp\/v2\/categories?post=189887"},{"taxonomy":"post_tag","embeddable":true,"href":"https:\/\/www.europesays.com\/pt\/wp-json\/wp\/v2\/tags?post=189887"}],"curies":[{"name":"wp","href":"https:\/\/api.w.org\/{rel}","templated":true}]}}