{"id":18991,"date":"2025-08-06T22:25:11","date_gmt":"2025-08-06T22:25:11","guid":{"rendered":"https:\/\/www.europesays.com\/pt\/18991\/"},"modified":"2025-08-06T22:25:11","modified_gmt":"2025-08-06T22:25:11","slug":"morre-o-arquiteto-carlos-lemos-aos-100-anos","status":"publish","type":"post","link":"https:\/\/www.europesays.com\/pt\/18991\/","title":{"rendered":"Morre o arquiteto Carlos Lemos aos 100 anos"},"content":{"rendered":"<p>Professor da USP por 58 anos, integrou a equipe t\u00e9cnica do Copan e defendeu o patrim\u00f4nio hist\u00f3rico brasileiro<\/p>\n<p>O arquiteto <a href=\"https:\/\/arquivo.arq.br\/profissionais\/carlos-lemos\" rel=\"nofollow noopener\" target=\"_blank\">Carlos Alberto Cerqueira Lemos<\/a> morreu nesta 4\u00aa feira (6.ago.2025), aos 100 anos, em S\u00e3o Paulo. Considerado uma das principais figuras da arquitetura brasileira, Lemos se destacou pela sua produ\u00e7\u00e3o, atua\u00e7\u00e3o no ensino superior e preserva\u00e7\u00e3o do patrim\u00f4nio hist\u00f3rico. A morte foi <a href=\"https:\/\/www.facebook.com\/photo\/?fbid=1181998403954330&amp;set=a.461578699329641&amp;locale=pt_BR\" rel=\"nofollow noopener\" target=\"_blank\">divulgada<\/a> pela FAU (Faculdade de Arquitetura e Urbanismo), da USP (Universidade de S\u00e3o Paulo).<\/p>\n<p>Lemos trabalhou na constru\u00e7\u00e3o do <a href=\"http:\/\/www.copansp.com.br\/\" rel=\"nofollow noopener\" target=\"_blank\">edif\u00edcio Copan<\/a>, integrando a equipe t\u00e9cnica liderada por <a href=\"https:\/\/www.oscarniemeyer.org.br\/\" rel=\"nofollow noopener\" target=\"_blank\">Oscar Niemeyer<\/a>. Foi professor da <a href=\"https:\/\/www5.usp.br\/\" rel=\"nofollow noopener\" target=\"_blank\">USP<\/a> por 58 anos e consolidou uma carreira voltada \u00e0 valoriza\u00e7\u00e3o da arquitetura moderna e ao estudo das formas tradicionais brasileiras.<\/p>\n<p>Entre suas obras mais reconhecidas est\u00e1 o edif\u00edcio-sede do jornal Folha da Manh\u00e3. Tamb\u00e9m contribuiu para diversos projetos residenciais e comerciais no Estado de S\u00e3o Paulo, conciliando funcionalidade e identidade arquitet\u00f4nica brasileira.<\/p>\n<p>Publicou livros como \u201cO Que \u00e9 Patrim\u00f4nio Hist\u00f3rico\u201d e \u201cO Que \u00e9 Arquitetura\u201d. Tamb\u00e9m atuou como diretor do <a href=\"https:\/\/www.instagram.com\/museu_lasar_segall\/\" rel=\"nofollow noopener\" target=\"_blank\">Museu Lasar Segall<\/a> e integrou o <a href=\"https:\/\/www.cultura.sp.gov.br\/sec_cultura\/CONDEPHAAT\/Portal_do_Patrimonio_Cultural\" rel=\"nofollow noopener\" target=\"_blank\">Condephaat<\/a> (Conselho de Defesa do Patrim\u00f4nio Hist\u00f3rico, Arqueol\u00f3gico, Art\u00edstico e Tur\u00edstico de S\u00e3o Paulo).<\/p>\n<p>Lemos integrou o <a href=\"https:\/\/iab.org.br\/\" rel=\"nofollow noopener\" target=\"_blank\">IAB<\/a> (Instituto de Arquitetos do Brasil) e recebeu pr\u00eamios de entidades como a <a href=\"https:\/\/apca.org.br\/\" rel=\"nofollow noopener\" target=\"_blank\">APCA<\/a> (Associa\u00e7\u00e3o Paulista de Cr\u00edticos de Arte).<\/p>\n<p>Ainda n\u00e3o h\u00e1 informa\u00e7\u00e3o p\u00fablica sobre data de enterro ou cerim\u00f4nia.<\/p>\n<p>\t\t\t\t\t\t\t<script async src=\"\/\/www.instagram.com\/embed.js\"><\/script><\/p>\n","protected":false},"excerpt":{"rendered":"Professor da USP por 58 anos, integrou a equipe t\u00e9cnica do Copan e defendeu o patrim\u00f4nio hist\u00f3rico brasileiro&hellip;\n","protected":false},"author":2,"featured_media":18992,"comment_status":"","ping_status":"","sticky":false,"template":"","format":"standard","meta":{"footnotes":""},"categories":[144],"tags":[207,205,206,203,201,202,204,114,115,32,33],"class_list":{"0":"post-18991","1":"post","2":"type-post","3":"status-publish","4":"format-standard","5":"has-post-thumbnail","7":"category-arte-e-design","8":"tag-arte","9":"tag-arte-e-design","10":"tag-artedesign","11":"tag-arts","12":"tag-arts-and-design","13":"tag-artsanddesign","14":"tag-design","15":"tag-entertainment","16":"tag-entretenimento","17":"tag-portugal","18":"tag-pt"},"share_on_mastodon":{"url":"","error":""},"_links":{"self":[{"href":"https:\/\/www.europesays.com\/pt\/wp-json\/wp\/v2\/posts\/18991","targetHints":{"allow":["GET"]}}],"collection":[{"href":"https:\/\/www.europesays.com\/pt\/wp-json\/wp\/v2\/posts"}],"about":[{"href":"https:\/\/www.europesays.com\/pt\/wp-json\/wp\/v2\/types\/post"}],"author":[{"embeddable":true,"href":"https:\/\/www.europesays.com\/pt\/wp-json\/wp\/v2\/users\/2"}],"replies":[{"embeddable":true,"href":"https:\/\/www.europesays.com\/pt\/wp-json\/wp\/v2\/comments?post=18991"}],"version-history":[{"count":0,"href":"https:\/\/www.europesays.com\/pt\/wp-json\/wp\/v2\/posts\/18991\/revisions"}],"wp:featuredmedia":[{"embeddable":true,"href":"https:\/\/www.europesays.com\/pt\/wp-json\/wp\/v2\/media\/18992"}],"wp:attachment":[{"href":"https:\/\/www.europesays.com\/pt\/wp-json\/wp\/v2\/media?parent=18991"}],"wp:term":[{"taxonomy":"category","embeddable":true,"href":"https:\/\/www.europesays.com\/pt\/wp-json\/wp\/v2\/categories?post=18991"},{"taxonomy":"post_tag","embeddable":true,"href":"https:\/\/www.europesays.com\/pt\/wp-json\/wp\/v2\/tags?post=18991"}],"curies":[{"name":"wp","href":"https:\/\/api.w.org\/{rel}","templated":true}]}}