{"id":189937,"date":"2025-12-15T22:29:13","date_gmt":"2025-12-15T22:29:13","guid":{"rendered":"https:\/\/www.europesays.com\/pt\/189937\/"},"modified":"2025-12-15T22:29:13","modified_gmt":"2025-12-15T22:29:13","slug":"facebook-messenger-para-desktop-e-encerrado-abc-do-abc","status":"publish","type":"post","link":"https:\/\/www.europesays.com\/pt\/189937\/","title":{"rendered":"Facebook Messenger para desktop \u00e9 encerrado ABC do ABC"},"content":{"rendered":"<p>A era do <strong>Facebook Messenger para desktop<\/strong> chegou oficialmente ao fim. A partir desta segunda-feira, 15 de dezembro de 2025, o aplicativo nativo desenvolvido para <strong>sistemas Mac e Windows foi descontinuado<\/strong>. Os usu\u00e1rios que ainda mantinham o software instalado em seus computadores est\u00e3o sendo orientados a acessar o servi\u00e7o diretamente atrav\u00e9s do navegador.<\/p>\n<p>A decis\u00e3o segue um movimento estrat\u00e9gico da <a href=\"https:\/\/abcdoabc.com.br\/meta-usara-dados-usuarios-treinar-ia-anuncios\/\" target=\"_blank\" rel=\"noreferrer noopener nofollow\">Meta<\/a>, que j\u00e1 havia anunciado o encerramento em outubro. O objetivo agora \u00e9 concentrar o tr\u00e1fego e a utiliza\u00e7\u00e3o da ferramenta atrav\u00e9s do site oficial da rede social ou do endere\u00e7o dedicado ao mensageiro na web.<\/p>\n<p>Hist\u00f3rico e desafios da ferramenta<\/p>\n<p>Lan\u00e7ado estrategicamente no in\u00edcio da pandemia de Covid-19, o Facebook Messenger para desktop surgiu como uma tentativa de capturar a demanda crescente por videochamadas. No entanto, a plataforma enfrentou dificuldades para se estabelecer frente a concorrentes consolidados no ambiente corporativo, como o Zoom.<\/p>\n<p>Entre os principais obst\u00e1culos para o sucesso do Facebook Messenger para desktop, destacaram-se a <strong>limita\u00e7\u00e3o no n\u00famero de participantes<\/strong> em chamadas de v\u00eddeo e a aus\u00eancia de funcionalidades essenciais para o trabalho remoto, como o compartilhamento de tela eficiente e a cria\u00e7\u00e3o de URLs de convite simplificadas.<\/p>\n<p>Mudan\u00e7as tecnol\u00f3gicas e cr\u00edticas<\/p>\n<p>A trajet\u00f3ria de decl\u00ednio do aplicativo foi marcada por altera\u00e7\u00f5es t\u00e9cnicas que nem sempre agradaram \u00e0 comunidade. Documenta\u00e7\u00f5es de ajuda da <a href=\"https:\/\/business.facebook.com\/business\/loginpage\/?next=https%3A%2F%2Fbusiness.facebook.com%2F%3Fnav_ref%3Dbiz_unified_f3_login_page_to_mbs&amp;login_options%5B0%5D=FB&amp;login_options%5B1%5D=IG&amp;login_options%5B2%5D=SSO&amp;config_ref=biz_login_tool_flavor_mbs\" target=\"_blank\" rel=\"noreferrer noopener nofollow\">Meta<\/a> revelam que a vers\u00e3o recente para Mac foi constru\u00edda utilizando o Catalyst, uma ferramenta que adapta aplicativos de iPad para o ambiente macOS. Essa escolha gerou cr\u00edticas tanto de desenvolvedores, pelo trabalho adicional, quanto de usu\u00e1rios, que apontaram a <strong>falta de uma experi\u00eancia nativa<\/strong>.<\/p>\n<p>Antes dessa fase, o Facebook Messenger para desktop no ambiente Apple havia sido desenvolvido em Electron e, posteriormente, migrado para uma base em React Native Desktop. J\u00e1 no sistema Windows, o software foi transformado em um aplicativo web progressivo (PWA) no ano anterior.<\/p>\n<p>O que os usu\u00e1rios devem fazer<\/p>\n<p>A descontinua\u00e7\u00e3o do Facebook Messenger para desktop faz parte de um plano maior da Meta para reintegrar o servi\u00e7o de mensagens ao aplicativo principal do Facebook, tentando revitalizar o engajamento na plataforma.<\/p>\n<p>Para garantir que nenhuma informa\u00e7\u00e3o seja perdida durante a transi\u00e7\u00e3o, a empresa recomendou:<\/p>\n<ul class=\"wp-block-list\">\n<li><strong>Configura\u00e7\u00e3o de PIN:<\/strong> Essencial para salvar e sincronizar o hist\u00f3rico de conversas com seguran\u00e7a.<\/li>\n<li><strong>Acesso via Web:<\/strong> Usu\u00e1rios sem conta no Facebook ser\u00e3o redirecionados para o site Messenger.com, onde poder\u00e3o fazer login sem a necessidade de criar um perfil na rede social.<\/li>\n<\/ul>\n<p>Mais informa\u00e7\u00f5es t\u00e9cnicas sobre o fim do suporte ao Facebook Messenger para desktop podem ser encontradas nas se\u00e7\u00f5es espec\u00edficas para Mac e Windows no centro de ajuda oficial da empresa.<\/p>\n<p> <\/p>\n<ul class=\"m-0 p-0\">\n<li class=\"mr-4 is-size-7\">Data: 15\/12\/2025 03:12<\/li>\n<li class=\"mr-4 is-size-7\">\n\t\t\t\t\t\t\t\t\t\tAlterado:15\/12\/2025 15:12\n\t\t\t\t\t\t\t\t\t<\/li>\n<li class=\"mr-4 is-size-7\"> Autor: Thiago Antunes <\/li>\n<li class=\"mr-4 is-size-7\">Fonte: Meta<\/li>\n<\/ul>\n<p>\t\t\t\t\t\t\t<img loading=\"lazy\" decoding=\"async\" src=\"https:\/\/www.europesays.com\/pt\/wp-content\/uploads\/2025\/12\/good-feedback.png\" alt=\"RECOMENDADOS\" width=\"32\" height=\"32\"\/><\/p>\n","protected":false},"excerpt":{"rendered":"A era do Facebook Messenger para desktop chegou oficialmente ao fim. A partir desta segunda-feira, 15 de dezembro&hellip;\n","protected":false},"author":2,"featured_media":188616,"comment_status":"","ping_status":"","sticky":false,"template":"","format":"standard","meta":{"footnotes":""},"categories":[84],"tags":[109,107,108,32,33,105,103,104,106,110],"class_list":{"0":"post-189937","1":"post","2":"type-post","3":"status-publish","4":"format-standard","5":"has-post-thumbnail","7":"category-ciencia-e-tecnologia","8":"tag-ciencia","9":"tag-ciencia-e-tecnologia","10":"tag-cienciaetecnologia","11":"tag-portugal","12":"tag-pt","13":"tag-science","14":"tag-science-and-technology","15":"tag-scienceandtechnology","16":"tag-technology","17":"tag-tecnologia"},"share_on_mastodon":{"url":"https:\/\/pubeurope.com\/@pt\/115725950321391039","error":""},"_links":{"self":[{"href":"https:\/\/www.europesays.com\/pt\/wp-json\/wp\/v2\/posts\/189937","targetHints":{"allow":["GET"]}}],"collection":[{"href":"https:\/\/www.europesays.com\/pt\/wp-json\/wp\/v2\/posts"}],"about":[{"href":"https:\/\/www.europesays.com\/pt\/wp-json\/wp\/v2\/types\/post"}],"author":[{"embeddable":true,"href":"https:\/\/www.europesays.com\/pt\/wp-json\/wp\/v2\/users\/2"}],"replies":[{"embeddable":true,"href":"https:\/\/www.europesays.com\/pt\/wp-json\/wp\/v2\/comments?post=189937"}],"version-history":[{"count":0,"href":"https:\/\/www.europesays.com\/pt\/wp-json\/wp\/v2\/posts\/189937\/revisions"}],"wp:featuredmedia":[{"embeddable":true,"href":"https:\/\/www.europesays.com\/pt\/wp-json\/wp\/v2\/media\/188616"}],"wp:attachment":[{"href":"https:\/\/www.europesays.com\/pt\/wp-json\/wp\/v2\/media?parent=189937"}],"wp:term":[{"taxonomy":"category","embeddable":true,"href":"https:\/\/www.europesays.com\/pt\/wp-json\/wp\/v2\/categories?post=189937"},{"taxonomy":"post_tag","embeddable":true,"href":"https:\/\/www.europesays.com\/pt\/wp-json\/wp\/v2\/tags?post=189937"}],"curies":[{"name":"wp","href":"https:\/\/api.w.org\/{rel}","templated":true}]}}