{"id":189949,"date":"2025-12-15T22:39:08","date_gmt":"2025-12-15T22:39:08","guid":{"rendered":"https:\/\/www.europesays.com\/pt\/189949\/"},"modified":"2025-12-15T22:39:08","modified_gmt":"2025-12-15T22:39:08","slug":"rumor-guerras-secretas-tera-homem-aranha-com-simbionte-veja-possivel-visual","status":"publish","type":"post","link":"https:\/\/www.europesays.com\/pt\/189949\/","title":{"rendered":"Rumor: Guerras Secretas ter\u00e1 Homem-Aranha com simbionte; Veja poss\u00edvel visual"},"content":{"rendered":"<p class=\"wp-block-yoast-seo-estimated-reading-time yoast-reading-time__wrapper\">Estimated reading time: 1 minuto<\/p>\n<p>Ao que parece, a <strong>Marvel <\/strong>vai finalmente dar um simbionte para o <a href=\"https:\/\/ovicio.com.br\/tag\/Homem-Aranha\/\" target=\"_blank\" rel=\"noreferrer noopener nofollow\">Homem-Aranha<\/a>\u00a0de <strong>Tom Holland<\/strong> em <a href=\"https:\/\/ovicio.com.br\/filme\/vingadores-guerras-secretas\/\" target=\"_blank\" rel=\"noreferrer noopener nofollow\">Guerras Secretas (2027)<\/a>.<\/p>\n<p>De acordo com o\u00a0Cosmic Circus,\u00a0o est\u00fadio j\u00e1 est\u00e1 desenvolvendo o figurino, e este seria muito pr\u00f3ximo \u00e0 seguinte arte conceitual de <strong>Thomas DuCrest<\/strong>:<\/p>\n<blockquote class=\"twitter-tweet\">\n<p lang=\"en\" dir=\"ltr\">Tom Holland\u2019s Spider-Man will reportedly wear the Thomas du Crest symbiote suit in the <a href=\"https:\/\/twitter.com\/hashtag\/MCU?src=hash&amp;ref_src=twsrc%5Etfw\" rel=\"nofollow noopener\" target=\"_blank\">#MCU<\/a>.<\/p>\n<p>The suit will have \u201ca few minor alterations.\u201d<\/p>\n<p>(via <a href=\"https:\/\/t.co\/MeGwIaEHpZ\" rel=\"nofollow\">https:\/\/t.co\/MeGwIaEHpZ<\/a>) <a href=\"https:\/\/t.co\/3epeabtVDj\" rel=\"nofollow\">pic.twitter.com\/3epeabtVDj<\/a><\/p>\n<p>\u2014 Cosmic Marvel (@cosmic_marvel) <a href=\"https:\/\/twitter.com\/cosmic_marvel\/status\/2000664290601193544?ref_src=twsrc%5Etfw\" rel=\"nofollow noopener\" target=\"_blank\">December 15, 2025<\/a><\/p>\n<\/blockquote>\n<p>Por enquanto, \u00e9 prudente tratar o relato como um rumor, pois nenhuma fonte oficial o confirmou ainda.<\/p>\n<p>Liderado pelos\u00a0<strong>Irm\u00e3os Russo<\/strong>, <strong>Vingadores: Guerras Secretas<\/strong>\u00a0tem estreia marcada para 18 de dezembro de 2026.<\/p>\n<p>Leia mais sobre Vingadores:<\/p>\n<p><strong>Fonte:<\/strong> <a href=\"https:\/\/thecosmiccircus.com\/alex-perez-decqa3-spider-man-brand-new-day-agatha-thunderbolts\/\" target=\"_blank\" rel=\"noreferrer noopener nofollow\">Cosmic Circus<\/a><\/p>\n<p><script async src=\"https:\/\/platform.twitter.com\/widgets.js\" charset=\"utf-8\"><\/script><\/p>\n","protected":false},"excerpt":{"rendered":"Estimated reading time: 1 minuto Ao que parece, a Marvel vai finalmente dar um simbionte para o Homem-Aranha\u00a0de&hellip;\n","protected":false},"author":2,"featured_media":189950,"comment_status":"","ping_status":"","sticky":false,"template":"","format":"standard","meta":{"footnotes":"","_share_on_mastodon":"0"},"categories":[140],"tags":[13291,13293,37710,14401,16993,32382,4417,37773,13295,23390,7539,1579,30690,30847,114,115,147,148,13296,32100,29054,37774,37775,9191,13297,31514,9473,5814,15530,13300,19337,18008,13301,13302,12733,146,37776,22843,32,33,13305,13306,7538,13307,20982,12151,6705,6386,37777,37711,14176,16368,32059,11192,8107],"class_list":["post-189949","post","type-post","status-publish","format-standard","has-post-thumbnail","category-filmes","tag-alan-cumming","tag-anthony-mackie","tag-avengers-doomsday","tag-benedict-cumberbatch","tag-channing-tatum","tag-chiwetel-ejiofor","tag-chris-evans","tag-ciclope","tag-david-harbour","tag-deadpool","tag-disney-plus","tag-disney","tag-doutor-destino","tag-doutor-estranho","tag-entertainment","tag-entretenimento","tag-film","tag-filmes","tag-florence-pugh","tag-gambit","tag-gaviao-arqueiro","tag-groot","tag-guerras-secretas","tag-halle-berry","tag-hannah-john-kamen","tag-hayley-atwell","tag-homem-de-ferro","tag-homem-aranha","tag-hugh-jackman","tag-james-marsden","tag-jeremy-renner","tag-julia-louis-dreyfus","tag-kelsey-grammer","tag-letitia-wright","tag-marvel-studios","tag-movies","tag-noturno","tag-paul-bettany","tag-portugal","tag-pt","tag-rebecca-romijn","tag-robert-downey-jr","tag-ryan-reynolds","tag-sebastian-stan","tag-tempestade","tag-tobey-maguire","tag-tom-holland","tag-vingadores","tag-vingadores-5","tag-vingadores-destino","tag-vingadores-doomsday","tag-vingadores-guerras-secretas","tag-visionquest","tag-wyatt-russell","tag-x-men"],"share_on_mastodon":{"url":"","error":"Validation failed: Text character limit of 500 exceeded"},"_links":{"self":[{"href":"https:\/\/www.europesays.com\/pt\/wp-json\/wp\/v2\/posts\/189949","targetHints":{"allow":["GET"]}}],"collection":[{"href":"https:\/\/www.europesays.com\/pt\/wp-json\/wp\/v2\/posts"}],"about":[{"href":"https:\/\/www.europesays.com\/pt\/wp-json\/wp\/v2\/types\/post"}],"author":[{"embeddable":true,"href":"https:\/\/www.europesays.com\/pt\/wp-json\/wp\/v2\/users\/2"}],"replies":[{"embeddable":true,"href":"https:\/\/www.europesays.com\/pt\/wp-json\/wp\/v2\/comments?post=189949"}],"version-history":[{"count":0,"href":"https:\/\/www.europesays.com\/pt\/wp-json\/wp\/v2\/posts\/189949\/revisions"}],"wp:featuredmedia":[{"embeddable":true,"href":"https:\/\/www.europesays.com\/pt\/wp-json\/wp\/v2\/media\/189950"}],"wp:attachment":[{"href":"https:\/\/www.europesays.com\/pt\/wp-json\/wp\/v2\/media?parent=189949"}],"wp:term":[{"taxonomy":"category","embeddable":true,"href":"https:\/\/www.europesays.com\/pt\/wp-json\/wp\/v2\/categories?post=189949"},{"taxonomy":"post_tag","embeddable":true,"href":"https:\/\/www.europesays.com\/pt\/wp-json\/wp\/v2\/tags?post=189949"}],"curies":[{"name":"wp","href":"https:\/\/api.w.org\/{rel}","templated":true}]}}