{"id":189973,"date":"2025-12-15T23:00:10","date_gmt":"2025-12-15T23:00:10","guid":{"rendered":"https:\/\/www.europesays.com\/pt\/189973\/"},"modified":"2025-12-15T23:00:10","modified_gmt":"2025-12-15T23:00:10","slug":"gripe-k-o-que-e-a-nova-doenca-que-gerou-alerta-na-oms-para-2026","status":"publish","type":"post","link":"https:\/\/www.europesays.com\/pt\/189973\/","title":{"rendered":"Gripe K: o que \u00e9 a nova doen\u00e7a que gerou alerta na OMS para 2026"},"content":{"rendered":"<p><img fetchpriority=\"high\" decoding=\"async\" class=\"w-fit lg:w-full\" loading=\"eager\" src=\"https:\/\/www.europesays.com\/pt\/wp-content\/uploads\/2025\/12\/5568251_e87e53197f028b6.jpg\" title=\"Malik\/peopleimages.com \/ stock.adobe.com\" alt=\"Malik\/peopleimages.com \/ stock.adobe.com\" width=\"700\" height=\"477\"\/>OMS alega que a atividade global da gripe, de modo geral, mant\u00e9m-se dentro dos padr\u00f5es esperados.Malik\/peopleimages.com \/ stock.adobe.com<\/p>\n<p>A Organiza\u00e7\u00e3o Mundial da Sa\u00fade (OMS) alertou para a pr\u00f3xima temporada de gripe, prevista para o fim de 2025 e in\u00edcio de 2026, diante do <strong>aumento da circula\u00e7\u00e3o do v\u00edrus influenza em diversas regi\u00f5es do mundo<\/strong>.<\/p>\n<p>O aumento dos casos tem sido impulsionado principalmente por uma <strong>variante <\/strong>do<a href=\"https:\/\/gauchazh.clicrbs.com.br\/passo-fundo\/saude\/noticia\/2025\/07\/a-cada-cinco-mortos-por-influenza-em-passo-fundo-quatro-nao-haviam-se-vacinado-cmdj3kgta00nr014w2burocdt.html\" rel=\"nofollow noopener\" target=\"_blank\"><strong> influenza<\/strong><\/a> A (H3N2), que passou a se disseminar com mais rapidez a partir de agosto de 2025 e entrou no radar das autoridades de sa\u00fade.<\/p>\n<p>De acordo com a OMS, trata-se do subclado \u2014 ou variante gen\u00e9tica \u2014 conhecido como \u201cK\u201d, tamb\u00e9m identificado como J.2.4.1, uma nova ramifica\u00e7\u00e3o do v\u00edrus da gripe sazonal. Apesar da circula\u00e7\u00e3o crescente em diferentes pa\u00edses, <strong>os dados dispon\u00edveis at\u00e9 o momento n\u00e3o indicam que essa variante esteja associada a quadros mais graves da doen\u00e7a<\/strong>.<\/p>\n<p>O que a OMS confirma \u2014 e o que segue em an\u00e1lise<\/p>\n<p>A express\u00e3o \u201cgripe K\u201d tem aparecido com frequ\u00eancia em manchetes e nas redes sociais, mas a OMS esclarece que n\u00e3o se trata de um novo v\u00edrus.<\/p>\n<p>Na pr\u00e1tica, o que se observa \u00e9 a evolu\u00e7\u00e3o natural do influenza A, conhecido por sofrer muta\u00e7\u00f5es constantes. A ramifica\u00e7\u00e3o gen\u00e9tica K apresenta algumas diferen\u00e7as em rela\u00e7\u00e3o a variantes anteriores e vem sendo detectada com maior frequ\u00eancia em amostras coletadas em diversas partes do mundo.<\/p>\n<p>Em seu comunicado, a OMS faz uma pondera\u00e7\u00e3o importante: a atividade global da gripe, de modo geral, <strong>permanece dentro do padr\u00e3o esperado<\/strong>. Ainda assim, alguns pa\u00edses registraram aumentos mais precoces e intensos do que o habitual. O momento preocupa porque coincide com a chegada do frio no Hemisf\u00e9rio Norte \u2014 os sistemas de sa\u00fade j\u00e1 costumam operar sob maior press\u00e3o durante o inverno.<\/p>\n<p>A organiza\u00e7\u00e3o define o momento atual como t\u00edpico da gripe sazonal \u2014 uma<strong> infec\u00e7\u00e3o respirat\u00f3ria causada por v\u00edrus influenza que circulam em todo o mundo<\/strong> e podem provocar desde sintomas leves at\u00e9 quadros graves, com risco de hospitaliza\u00e7\u00e3o e, em casos mais graves, morte.\u00a0<\/p>\n<p>De acordo com a entidade, os dados epidemiol\u00f3gicos dispon\u00edveis at\u00e9 agora n\u00e3o indicam aumento da gravidade dos casos associados \u00e0 variante K. Ainda assim, a OMS classifica a dissemina\u00e7\u00e3o dessa linhagem como uma \u201cevolu\u00e7\u00e3o not\u00e1vel\u201d, uma vez que ela vem se espalhando rapidamente por diferentes regi\u00f5es.<\/p>\n<p>Essas mudan\u00e7as s\u00e3o monitoradas de perto porque o influenza A (H3N2), assim como outros v\u00edrus da gripe, sofre muta\u00e7\u00f5es frequentes. Essas altera\u00e7\u00f5es podem afetar tanto a capacidade de transmiss\u00e3o do v\u00edrus quanto o n\u00edvel de prote\u00e7\u00e3o da popula\u00e7\u00e3o, constru\u00eddo a partir de infec\u00e7\u00f5es anteriores ou da vacina\u00e7\u00e3o.<\/p>\n<p>Como a variante est\u00e1 se espalhando<\/p>\n<p>Desde agosto de 2025, a OMS observa um aumento r\u00e1pido na detec\u00e7\u00e3o da variante K do influenza em diversos pa\u00edses, com base em dados de sequenciamento gen\u00e9tico. <strong>Esse avan\u00e7o ocorre paralelamente \u00e0 chegada do inverno no Hemisf\u00e9rio Norte, per\u00edodo em que as infec\u00e7\u00f5es respirat\u00f3rias costumam crescer<\/strong>.\u00a0<\/p>\n<p>Como resultado, a temporada de gripe come\u00e7ou mais cedo em alguns locais e j\u00e1 pressiona hospitais, segundo a entidade. Na <strong>Am\u00e9rica do Sul, ainda n\u00e3o h\u00e1 registro da circula\u00e7\u00e3o da variante<\/strong>, mas especialistas consideram prov\u00e1vel sua chegada ao Brasil, diante do aumento da circula\u00e7\u00e3o internacional de pessoas.<\/p>\n<p>Na Europa, a organiza\u00e7\u00e3o identificou um in\u00edcio antecipado da temporada de gripe, medido pelo aumento da positividade dos testes e pela predomin\u00e2ncia do influenza A(H3N2) tanto na aten\u00e7\u00e3o prim\u00e1ria quanto em hospitais. Em outras regi\u00f5es, o cen\u00e1rio \u00e9 mais heterog\u00eaneo: em partes do Hemisf\u00e9rio Sul, algumas temporadas foram mais longas do que o habitual, enquanto em \u00e1reas tropicais a circula\u00e7\u00e3o do v\u00edrus tende a ser mais cont\u00ednua ao longo do ano. Esse monitoramento \u00e9 feito pelo Global Influenza Surveillance and Response System (GISRS), rede coordenada pela OMS que re\u00fane mais de 160 institui\u00e7\u00f5es em 131 pa\u00edses e combina dados cl\u00ednicos, epidemiol\u00f3gicos e gen\u00e9ticos.<\/p>\n<p>Apesar da aten\u00e7\u00e3o voltada \u00e0 variante K, <a href=\"https:\/\/gauchazh.clicrbs.com.br\/saude\/noticia\/2025\/12\/anvisa-publica-registro-de-primeira-vacina-de-dose-unica-contra-a-dengue-do-mundo-cmixjr5l5008h014ok8cvbcnp.html\" rel=\"nofollow noopener\" target=\"_blank\"><strong>a OMS refor\u00e7a que a vacina\u00e7\u00e3o segue sendo uma ferramenta central de sa\u00fade p\u00fablica<\/strong><\/a>. Dados preliminares indicam que a vacina continua reduzindo a necessidade de hospitaliza\u00e7\u00e3o, com<strong> efetividade estimada entre 70% e 75% em crian\u00e7as de 2 a 17 anos e entre 30% e 40% em adultos<\/strong>, ainda que os percentuais variem conforme a regi\u00e3o e o grupo.\u00a0<\/p>\n<p>A organiza\u00e7\u00e3o destaca que, mesmo em um cen\u00e1rio de mudan\u00e7as gen\u00e9ticas do v\u00edrus, a vacina\u00e7\u00e3o permanece especialmente importante para pessoas com maior risco de complica\u00e7\u00f5es e para quem cuida delas.<\/p>\n<p>Recomenda\u00e7\u00f5es da OMS<\/p>\n<p><strong>A OMS n\u00e3o recomenda, no momento, restri\u00e7\u00f5es a viagens ou ao com\u00e9rcio com os pa\u00edses mencionados no alerta<\/strong>.<\/p>\n<p>A orienta\u00e7\u00e3o da entidade concentra-se em medidas tradicionais de preven\u00e7\u00e3o, com foco em duas frentes principais: o refor\u00e7o da vigil\u00e2ncia e da prepara\u00e7\u00e3o dos sistemas de sa\u00fade, por meio do monitoramento cont\u00ednuo dos v\u00edrus, da identifica\u00e7\u00e3o de padr\u00f5es incomuns e do fortalecimento da capacidade laboratorial; e a prote\u00e7\u00e3o individual e coletiva<strong>,<\/strong><a href=\"https:\/\/gauchazh.clicrbs.com.br\/saude\/noticia\/2025\/07\/mortes-evitaveis-retorno-de-doencas-o-preco-da-baixa-vacinacao-no-rs-cmcz6qqjg001t014r7nrise33.html\" rel=\"nofollow noopener\" target=\"_blank\"><strong> com a vacina\u00e7\u00e3o anual de grupos de risco e profissionais de sa\u00fade<\/strong><\/a>, al\u00e9m da ado\u00e7\u00e3o de medidas proporcionais para reduzir a transmiss\u00e3o, como <strong>higiene das m\u00e3os, etiqueta respirat\u00f3ria e, em caso de sintomas, evitar contato pr\u00f3ximo e considerar o uso de m\u00e1scara em ambientes sens\u00edveis<\/strong>.<\/p>\n","protected":false},"excerpt":{"rendered":"OMS alega que a atividade global da gripe, de modo geral, mant\u00e9m-se dentro dos padr\u00f5es esperados.Malik\/peopleimages.com \/ stock.adobe.com&hellip;\n","protected":false},"author":2,"featured_media":189974,"comment_status":"","ping_status":"","sticky":false,"template":"","format":"standard","meta":{"footnotes":""},"categories":[86],"tags":[1418,116,32,33,117],"class_list":{"0":"post-189973","1":"post","2":"type-post","3":"status-publish","4":"format-standard","5":"has-post-thumbnail","7":"category-saude","8":"tag-gripe","9":"tag-health","10":"tag-portugal","11":"tag-pt","12":"tag-saude"},"share_on_mastodon":{"url":"https:\/\/pubeurope.com\/@pt\/115726072357736123","error":""},"_links":{"self":[{"href":"https:\/\/www.europesays.com\/pt\/wp-json\/wp\/v2\/posts\/189973","targetHints":{"allow":["GET"]}}],"collection":[{"href":"https:\/\/www.europesays.com\/pt\/wp-json\/wp\/v2\/posts"}],"about":[{"href":"https:\/\/www.europesays.com\/pt\/wp-json\/wp\/v2\/types\/post"}],"author":[{"embeddable":true,"href":"https:\/\/www.europesays.com\/pt\/wp-json\/wp\/v2\/users\/2"}],"replies":[{"embeddable":true,"href":"https:\/\/www.europesays.com\/pt\/wp-json\/wp\/v2\/comments?post=189973"}],"version-history":[{"count":0,"href":"https:\/\/www.europesays.com\/pt\/wp-json\/wp\/v2\/posts\/189973\/revisions"}],"wp:featuredmedia":[{"embeddable":true,"href":"https:\/\/www.europesays.com\/pt\/wp-json\/wp\/v2\/media\/189974"}],"wp:attachment":[{"href":"https:\/\/www.europesays.com\/pt\/wp-json\/wp\/v2\/media?parent=189973"}],"wp:term":[{"taxonomy":"category","embeddable":true,"href":"https:\/\/www.europesays.com\/pt\/wp-json\/wp\/v2\/categories?post=189973"},{"taxonomy":"post_tag","embeddable":true,"href":"https:\/\/www.europesays.com\/pt\/wp-json\/wp\/v2\/tags?post=189973"}],"curies":[{"name":"wp","href":"https:\/\/api.w.org\/{rel}","templated":true}]}}