{"id":189981,"date":"2025-12-15T23:06:17","date_gmt":"2025-12-15T23:06:17","guid":{"rendered":"https:\/\/www.europesays.com\/pt\/189981\/"},"modified":"2025-12-15T23:06:17","modified_gmt":"2025-12-15T23:06:17","slug":"o-mirante-acidente-com-tractor-em-almeirim-faz-1-morto-e-2-feridos-graves","status":"publish","type":"post","link":"https:\/\/www.europesays.com\/pt\/189981\/","title":{"rendered":"O MIRANTE | Acidente com tractor em Almeirim faz 1 morto e 2 feridos\u00a0graves"},"content":{"rendered":"<p>Um acidente envolvendo um tractor e um ve\u00edculo ligeiro de passageiros na Estrada Nacional 114, em Almeirim, fez no final desta tarde um morto e dois feridos graves. O acidente na zona conhecida por &#8220;Pata&#8221; perto da base log\u00edstica da Mercadona, ocorreu \u00e0s 16h57, segundo informou o Comando Sub-Regional de Protec\u00e7\u00e3o Civil da Lez\u00edria do Tejo. \u00c0s 18h10 ainda decorriam opera\u00e7\u00f5es de socorro e os feridos estavam a ser estabilizados no local a aguardar indica\u00e7\u00e3o de hospital para serem transportados.<\/p>\n","protected":false},"excerpt":{"rendered":"Um acidente envolvendo um tractor e um ve\u00edculo ligeiro de passageiros na Estrada Nacional 114, em Almeirim, fez&hellip;\n","protected":false},"author":2,"featured_media":189982,"comment_status":"","ping_status":"","sticky":false,"template":"","format":"standard","meta":{"footnotes":""},"categories":[10],"tags":[27,28,15,16,14,6569,6568,25,26,21,22,12,13,19,20,32,23,24,33,3551,5314,17,18,29,30,31],"class_list":{"0":"post-189981","1":"post","2":"type-post","3":"status-publish","4":"format-standard","5":"has-post-thumbnail","7":"category-portugal","8":"tag-breaking-news","9":"tag-breakingnews","10":"tag-featured-news","11":"tag-featurednews","12":"tag-headlines","13":"tag-jornal-regional","14":"tag-jornalismo-de-proximidade","15":"tag-latest-news","16":"tag-latestnews","17":"tag-main-news","18":"tag-mainnews","19":"tag-news","20":"tag-noticias","21":"tag-noticias-principais","22":"tag-noticiasprincipais","23":"tag-portugal","24":"tag-principais-noticias","25":"tag-principaisnoticias","26":"tag-pt","27":"tag-regiao","28":"tag-ribatejo","29":"tag-top-stories","30":"tag-topstories","31":"tag-ultimas","32":"tag-ultimas-noticias","33":"tag-ultimasnoticias"},"share_on_mastodon":{"url":"https:\/\/pubeurope.com\/@pt\/115726096787535900","error":""},"_links":{"self":[{"href":"https:\/\/www.europesays.com\/pt\/wp-json\/wp\/v2\/posts\/189981","targetHints":{"allow":["GET"]}}],"collection":[{"href":"https:\/\/www.europesays.com\/pt\/wp-json\/wp\/v2\/posts"}],"about":[{"href":"https:\/\/www.europesays.com\/pt\/wp-json\/wp\/v2\/types\/post"}],"author":[{"embeddable":true,"href":"https:\/\/www.europesays.com\/pt\/wp-json\/wp\/v2\/users\/2"}],"replies":[{"embeddable":true,"href":"https:\/\/www.europesays.com\/pt\/wp-json\/wp\/v2\/comments?post=189981"}],"version-history":[{"count":0,"href":"https:\/\/www.europesays.com\/pt\/wp-json\/wp\/v2\/posts\/189981\/revisions"}],"wp:featuredmedia":[{"embeddable":true,"href":"https:\/\/www.europesays.com\/pt\/wp-json\/wp\/v2\/media\/189982"}],"wp:attachment":[{"href":"https:\/\/www.europesays.com\/pt\/wp-json\/wp\/v2\/media?parent=189981"}],"wp:term":[{"taxonomy":"category","embeddable":true,"href":"https:\/\/www.europesays.com\/pt\/wp-json\/wp\/v2\/categories?post=189981"},{"taxonomy":"post_tag","embeddable":true,"href":"https:\/\/www.europesays.com\/pt\/wp-json\/wp\/v2\/tags?post=189981"}],"curies":[{"name":"wp","href":"https:\/\/api.w.org\/{rel}","templated":true}]}}