{"id":190005,"date":"2025-12-15T23:22:21","date_gmt":"2025-12-15T23:22:21","guid":{"rendered":"https:\/\/www.europesays.com\/pt\/190005\/"},"modified":"2025-12-15T23:22:21","modified_gmt":"2025-12-15T23:22:21","slug":"alcione-narra-aventura-e-perrengue-no-inverno-da-russia-fugi","status":"publish","type":"post","link":"https:\/\/www.europesays.com\/pt\/190005\/","title":{"rendered":"Alcione narra aventura e perrengue no inverno da R\u00fassia: \u201cFugi\u201d"},"content":{"rendered":"<p class=\"my-5 break-words group-[.isActiveSource]:text-xl\">A <strong class=\"group-[.isActiveSource]:text-xl group-[.isActiveSource]:font-bold\">cantora Alcione, 78, contou sobre um perrengue que passou ao viajar para fazer um show na R\u00fassia<\/strong>, um dos mais de 30 pa\u00edses que ela j\u00e1 esteve para se apresentar.<\/p>\n<p class=\"my-5 break-words group-[.isActiveSource]:text-xl\">\u201cN\u00e3o deixavam a gente sair sozinhos por causa da temperatura, sempre tinha que ter algu\u00e9m <a href=\"https:\/\/www.cnnbrasil.com.br\/entretenimento\/lumena-define-condicao-para-voltar-ao-bbb-so-com-meu-psiquiatra\/\" target=\"_blank\" rel=\"noopener noreferrer nofollow\" class=\"text-red-600 underline hover:text-red-500 font-medium break-words group-[.isActiveSource]:text-xl\">acompanhando<\/a>. Um dia, resolvi fugir com a minha cabeleireira e, no meio do passeio, tivemos que voltar correndo para o hotel, porque o frio nos pegou\u201d, narrou em <a href=\"https:\/\/www.cnnbrasil.com.br\/entretenimento\/nao-seja-planta-diz-aline-patriarca-as-proximas-geracoes-do-bbb\/\" target=\"_blank\" rel=\"noopener noreferrer nofollow\" class=\"text-red-600 underline hover:text-red-500 font-medium break-words group-[.isActiveSource]:text-xl\">entrevista<\/a> \u00e0 <strong class=\"group-[.isActiveSource]:text-xl group-[.isActiveSource]:font-bold\">CNN<\/strong>.<\/p>\n<p class=\"my-5 break-words group-[.isActiveSource]:text-xl\">De acordo com ela, foi necess\u00e1rio que um carro fosse as buscar porque elas n\u00e3o sabiam que o inverno na R\u00fassia era t\u00e3o severo.<\/p>\n<p class=\"my-5 break-words group-[.isActiveSource]:text-xl\">Recentemente, <a href=\"https:\/\/www.cnnbrasil.com.br\/entretenimento\/liniker-ana-castela-e-mais-os-brasileiros-indicados-ao-grammy-latino-2025\/\" target=\"_blank\" rel=\"noopener noreferrer nofollow\" class=\"text-red-600 underline hover:text-red-500 font-medium break-words group-[.isActiveSource]:text-xl\">Alcione foi indicada ao Grammy Latino<\/a> pelo \u00e1lbum que leva seu nome, na <a href=\"https:\/\/www.cnnbrasil.com.br\/entretenimento\/grammy-latino-2025-veja-os-vencedores-das-principais-categorias\/\" target=\"_blank\" rel=\"noopener noreferrer nofollow\" class=\"text-red-600 underline hover:text-red-500 font-medium break-words group-[.isActiveSource]:text-xl\">categoria<\/a> Melhor \u00c1lbum de Samba\/Pagode.<\/p>\n<p class=\"my-5 break-words group-[.isActiveSource]:text-xl\">Sobre a honraria, a cantora celebrou: \u201ccomo falam os velhos do meu tempo, fico banzando. Fiquei muito feliz com essa indica\u00e7\u00e3o. Com 50 anos de carreira, \u00e9 uma honra para mim, minha fam\u00edlia, meus amigos, minha cidade e meu estado, o Maranh\u00e3o\u201d.<\/p>\n<p class=\"my-5 break-words group-[.isActiveSource]:text-xl\">Por fim, Alcione comentou sobre sua caracter\u00edstica de ser muito vaidosa. Sempre com os dedos enfeitados com unhas longas e cheios de an\u00e9is, ela contou \u00e0 <strong class=\"group-[.isActiveSource]:text-xl group-[.isActiveSource]:font-bold\">CNN<\/strong> que esse cuidado vem de sua m\u00e3e, que sempre estava bem arrumada e tinha m\u00e3os parecidas com as suas.<\/p>\n","protected":false},"excerpt":{"rendered":"A cantora Alcione, 78, contou sobre um perrengue que passou ao viajar para fazer um show na R\u00fassia,&hellip;\n","protected":false},"author":2,"featured_media":190006,"comment_status":"","ping_status":"","sticky":false,"template":"","format":"standard","meta":{"footnotes":""},"categories":[145],"tags":[211,210,114,115,32,33],"class_list":{"0":"post-190005","1":"post","2":"type-post","3":"status-publish","4":"format-standard","5":"has-post-thumbnail","7":"category-celebridades","8":"tag-celebridades","9":"tag-celebrities","10":"tag-entertainment","11":"tag-entretenimento","12":"tag-portugal","13":"tag-pt"},"share_on_mastodon":{"url":"https:\/\/pubeurope.com\/@pt\/115726158595402045","error":""},"_links":{"self":[{"href":"https:\/\/www.europesays.com\/pt\/wp-json\/wp\/v2\/posts\/190005","targetHints":{"allow":["GET"]}}],"collection":[{"href":"https:\/\/www.europesays.com\/pt\/wp-json\/wp\/v2\/posts"}],"about":[{"href":"https:\/\/www.europesays.com\/pt\/wp-json\/wp\/v2\/types\/post"}],"author":[{"embeddable":true,"href":"https:\/\/www.europesays.com\/pt\/wp-json\/wp\/v2\/users\/2"}],"replies":[{"embeddable":true,"href":"https:\/\/www.europesays.com\/pt\/wp-json\/wp\/v2\/comments?post=190005"}],"version-history":[{"count":0,"href":"https:\/\/www.europesays.com\/pt\/wp-json\/wp\/v2\/posts\/190005\/revisions"}],"wp:featuredmedia":[{"embeddable":true,"href":"https:\/\/www.europesays.com\/pt\/wp-json\/wp\/v2\/media\/190006"}],"wp:attachment":[{"href":"https:\/\/www.europesays.com\/pt\/wp-json\/wp\/v2\/media?parent=190005"}],"wp:term":[{"taxonomy":"category","embeddable":true,"href":"https:\/\/www.europesays.com\/pt\/wp-json\/wp\/v2\/categories?post=190005"},{"taxonomy":"post_tag","embeddable":true,"href":"https:\/\/www.europesays.com\/pt\/wp-json\/wp\/v2\/tags?post=190005"}],"curies":[{"name":"wp","href":"https:\/\/api.w.org\/{rel}","templated":true}]}}