{"id":190007,"date":"2025-12-15T23:25:16","date_gmt":"2025-12-15T23:25:16","guid":{"rendered":"https:\/\/www.europesays.com\/pt\/190007\/"},"modified":"2025-12-15T23:25:16","modified_gmt":"2025-12-15T23:25:16","slug":"amazon-antecipa-a-estreia-da-segunda-temporada","status":"publish","type":"post","link":"https:\/\/www.europesays.com\/pt\/190007\/","title":{"rendered":"Amazon antecipa a estreia da segunda temporada"},"content":{"rendered":"<p>Numa prenda de Natal para os f\u00e3s, a Amazon decidiu antecipar a estreia da segunda temporada de Fallout em um dia nos Estados Unidos.<\/p>\n<p>Relacionado<a href=\"https:\/\/pt.ign.com\/fallout-the-series\/153017\/news\/fallout-filmagens-da-3atemporada-arrancam-no-verao-de-2026-confirma-jonathan-nolan\" class=\"recirc_odd\" rel=\"nofollow noopener\" target=\"_blank\"><img decoding=\"async\" class=\"image\" src=\"https:\/\/www.europesays.com\/pt\/wp-content\/uploads\/2025\/12\/fallout-executive-producer-wants-hit-tv-show-back-on-the-air_vbfz.640.jpg\" alt=\"Fallout: Filmagens da 3.\u00aa temporada arrancam no ver\u00e3o de 2026, confirma Jonathan Nolan\"\/>Fallout: Filmagens da 3.\u00aa temporada arrancam no ver\u00e3o de 2026, confirma Jonathan Nolan<\/a><\/p>\n<p>A confirma\u00e7\u00e3o foi dada atrav\u00e9s da <strong>Sphere em Las Vegas <\/strong>e partilhada na conta oficial da s\u00e9rie no X\/Twiiter. A estreia estava prevista para dia 17, mas com esta mudan\u00e7a, vai chegar ao Prime amanh\u00e3, ter\u00e7a-feira, dia 16 de dezembro. No entanto, devido \u00e0 diferen\u00e7a do fuso hor\u00e1rio, em Portugal continental isto significa que a segunda temporada de Fallout ficar\u00e1 dispon\u00edvel \u00e0s <strong>02h00 de quarta-feira<\/strong>.<\/p>\n<blockquote class=\"twitter-tweet\">\n<p dir=\"ltr\" lang=\"en\">Well, well, looks like Christmas came early on Sphere. The Fallout Season Two premiere, now arriving December 16 at 6 p.m. PT. <a href=\"https:\/\/t.co\/RHpSBBXJ6H\" rel=\"nofollow\">pic.twitter.com\/RHpSBBXJ6H<\/a><br \/>\n\u2014 FALLOUT\u26a1\ufe0f (@falloutonprime) <a href=\"https:\/\/twitter.com\/falloutonprime\/status\/2000596722343608430?ref_src=twsrc%5Etfw\" rel=\"nofollow noopener\" target=\"_blank\">December 15, 2025<\/a><\/p>\n<\/blockquote>\n<p>Ao contr\u00e1rio do modelo de outras produ\u00e7\u00f5es, esta temporada de oito epis\u00f3dios ter\u00e1 um lan\u00e7amento semanal. O primeiro epis\u00f3dio chega esta semana e o final da temporada continua marcado para 4 de fevereiro de 2026.<\/p>\n<p>A hist\u00f3ria retoma os eventos logo ap\u00f3s o final da primeira temporada, levando os sobreviventes atrav\u00e9s at\u00e9 \u00e0 ic\u00f3nica cidade de New Vegas. Para os f\u00e3s do jogo da Obsidian, os produtores n\u00e3o se comprometeram com um final do jogo, deixando em <a href=\"https:\/\/pt.ign.com\/fallout-new-vegas\/152883\/news\/fallout-serie-nao-se-vai-comprometer-com-um-um-final-de-new-vegas\" rel=\"nofollow noopener\" target=\"_blank\">aberto a interpreta\u00e7\u00e3o dos eventos de Fallout: New Vegas. <\/a><\/p>\n<p>Pedro Pestana \u00e9 viciado em gaming, caf\u00e9 e voleibol, sensivelmente nesta ordem. Podem encontrar alguns dos seus devaneios no <a href=\"https:\/\/www.threads.net\/@pmnpestana\" rel=\"noopener nofollow\" target=\"_blank\">Threads<\/a> ou <a href=\"https:\/\/bsky.app\/profile\/pmnpestana.bsky.social\" rel=\"noopener nofollow\" target=\"_blank\">Bluesky.<\/a><\/p>\n<p>                <script async src=\"https:\/\/platform.twitter.com\/widgets.js\" charset=\"utf-8\"><\/script><\/p>\n","protected":false},"excerpt":{"rendered":"Numa prenda de Natal para os f\u00e3s, a Amazon decidiu antecipar a estreia da segunda temporada de Fallout&hellip;\n","protected":false},"author":2,"featured_media":190008,"comment_status":"","ping_status":"","sticky":false,"template":"","format":"standard","meta":{"footnotes":""},"categories":[142],"tags":[114,115,32,33,151],"class_list":{"0":"post-190007","1":"post","2":"type-post","3":"status-publish","4":"format-standard","5":"has-post-thumbnail","7":"category-tv","8":"tag-entertainment","9":"tag-entretenimento","10":"tag-portugal","11":"tag-pt","12":"tag-tv"},"share_on_mastodon":{"url":"https:\/\/pubeurope.com\/@pt\/115726170755807636","error":""},"_links":{"self":[{"href":"https:\/\/www.europesays.com\/pt\/wp-json\/wp\/v2\/posts\/190007","targetHints":{"allow":["GET"]}}],"collection":[{"href":"https:\/\/www.europesays.com\/pt\/wp-json\/wp\/v2\/posts"}],"about":[{"href":"https:\/\/www.europesays.com\/pt\/wp-json\/wp\/v2\/types\/post"}],"author":[{"embeddable":true,"href":"https:\/\/www.europesays.com\/pt\/wp-json\/wp\/v2\/users\/2"}],"replies":[{"embeddable":true,"href":"https:\/\/www.europesays.com\/pt\/wp-json\/wp\/v2\/comments?post=190007"}],"version-history":[{"count":0,"href":"https:\/\/www.europesays.com\/pt\/wp-json\/wp\/v2\/posts\/190007\/revisions"}],"wp:featuredmedia":[{"embeddable":true,"href":"https:\/\/www.europesays.com\/pt\/wp-json\/wp\/v2\/media\/190008"}],"wp:attachment":[{"href":"https:\/\/www.europesays.com\/pt\/wp-json\/wp\/v2\/media?parent=190007"}],"wp:term":[{"taxonomy":"category","embeddable":true,"href":"https:\/\/www.europesays.com\/pt\/wp-json\/wp\/v2\/categories?post=190007"},{"taxonomy":"post_tag","embeddable":true,"href":"https:\/\/www.europesays.com\/pt\/wp-json\/wp\/v2\/tags?post=190007"}],"curies":[{"name":"wp","href":"https:\/\/api.w.org\/{rel}","templated":true}]}}