{"id":190009,"date":"2025-12-15T23:27:09","date_gmt":"2025-12-15T23:27:09","guid":{"rendered":"https:\/\/www.europesays.com\/pt\/190009\/"},"modified":"2025-12-15T23:27:09","modified_gmt":"2025-12-15T23:27:09","slug":"homem-aranha-um-novo-dia-pode-ganhar-traje-negro-e-sadie-sink-deve-ter-papel-crucial-no-futuro-do-mcu","status":"publish","type":"post","link":"https:\/\/www.europesays.com\/pt\/190009\/","title":{"rendered":"Homem-Aranha Um Novo Dia: Pode ganhar traje negro e Sadie Sink deve ter papel crucial no futuro do MCU"},"content":{"rendered":"<p>  <img width=\"76\" height=\"40\"   alt=\"Capa da Publica\u00e7\u00e3o\" class=\"article-cover__image\"\/><\/p>\n<p class=\"post__tagline\">Participa\u00e7\u00e3o de Sadie Sink pode ultrapassar um \u00fanico filme<\/p>\n<p>        15\/12\/2025      <\/p>\n<p>        &#8230;<\/p>\n<p>      Por<br \/>\n      <a href=\"https:\/\/twitter.com\/\" target=\"_blank\" rel=\"nofollow noopener\"><br \/>\n        Equipe Legi\u00e3o dos Her\u00f3is      <\/a><\/p>\n<p>            Aten\u00e7\u00e3o: Alerta de Spoilers!<\/p>\n<p>Mesmo fora dos holofotes iniciais de <strong>Vingadores: Destino<\/strong>, o futuro do <strong>Homem-Aranha<\/strong> no MCU segue cada vez mais promissor. Novas informa\u00e7\u00f5es do <a href=\"https:\/\/thecosmiccircus.com\/alex-perez-decqa3-spider-man-brand-new-day-agatha-thunderbolts\/\" target=\"_blank\" rel=\"noopener nofollow\">The Cosmic Circus <\/a>indicam mudan\u00e7as visuais importantes, cenas de a\u00e7\u00e3o ambiciosas e um papel de destaque para Peter Parker nos pr\u00f3ximos grandes eventos da Marvel.<\/p>\n<p>Peter Parker como pe\u00e7a-chave em Guerras Secretas<\/p>\n<p>Segundo informa\u00e7\u00f5es recentes, <strong>Tom Holland<\/strong> deve ter um papel central em <strong>Vingadores: Guerras Secretas<\/strong>. A ideia \u00e9 que Peter Parker seja um dos principais pontos emocionais da hist\u00f3ria, algo que refor\u00e7a sua import\u00e2ncia na reconstru\u00e7\u00e3o do universo ap\u00f3s os eventos multiversais que se aproximam.<\/p>\n<p>Ap\u00f3s o final de Homem-Aranha: Sem Volta Para Casa, onde o mundo esqueceu completamente a exist\u00eancia de Peter, a expectativa \u00e9 que Guerras Secretas seja o momento em que esse feiti\u00e7o finalmente se quebre, com o colapso e posterior rein\u00edcio da realidade.<\/p>\n<p>O retorno do traje negro<\/p>\n<p>Outro ponto que vem chamando aten\u00e7\u00e3o \u00e9 a introdu\u00e7\u00e3o do <strong>traje alien\u00edgena<\/strong>, o famoso uniforme negro do Homem-Aranha. O visual deve beber da est\u00e9tica de anima\u00e7\u00f5es como The Spectacular Spider-Man e tamb\u00e9m dos jogos da Insomniac, equilibrando agressividade, eleg\u00e2ncia e um ar mais amea\u00e7ador.<\/p>\n<p>A mudan\u00e7a visual acompanha uma evolu\u00e7\u00e3o clara do personagem. Este ser\u00e1 um Peter Parker mais experiente, mais preciso em combate e com dom\u00ednio total de suas habilidades e do Sentido-Aranha.<\/p>\n<p><img fetchpriority=\"high\" decoding=\"async\" class=\"alignnone size-full wp-image-879624 lazyload\" alt=\"\" width=\"1856\" height=\"2304\" \/><\/p>\n<p>A\u00e7\u00e3o pr\u00e1tica e cenas ambiciosas<\/p>\n<p>Spider-Man: Brand New Day tamb\u00e9m promete elevar o n\u00edvel das sequ\u00eancias de a\u00e7\u00e3o. De acordo com descri\u00e7\u00f5es de bastidores, o filme aposta fortemente em <strong>coreografias pr\u00e1ticas<\/strong>, com menos depend\u00eancia de computa\u00e7\u00e3o gr\u00e1fica nas lutas.<\/p>\n<p>Uma das cenas mais comentadas \u00e9 um longo plano-sequ\u00eancia, inspirado nos filmes de <strong>Sam Raimi<\/strong> e <strong>Marc Webb<\/strong>, descrito como uma das sequ\u00eancias mais criativas e intensas do personagem no cinema. A movimenta\u00e7\u00e3o lembra o estilo f\u00edsico e improvisado de Jackie Chan, aplicada ao combate do Homem-Aranha.<\/p>\n<p><img decoding=\"async\" class=\"alignnone size-full wp-image-879627 lazyload\" alt=\"\" width=\"1080\" height=\"775\" \/><\/p>\n<p>Sadie Sink e o futuro mutante do MCU<\/p>\n<p>A participa\u00e7\u00e3o de <strong>Sadie Sink<\/strong> segue cercada de mist\u00e9rio, mas cresce a expectativa de que sua personagem tenha liga\u00e7\u00e3o direta com o futuro dos mutantes no MCU. Caso as informa\u00e7\u00f5es se confirmem, ela n\u00e3o apenas retornaria ap\u00f3s Guerras Secretas, como tamb\u00e9m poderia se tornar um dos rostos centrais da chamada <strong>Saga dos Mutantes<\/strong>.<\/p>\n<p>Embora a Marvel mantenha total sigilo, a presen\u00e7a da atriz refor\u00e7a a ideia de que Brand New Day ser\u00e1 um ponto de transi\u00e7\u00e3o importante para a pr\u00f3xima fase do est\u00fadio.<\/p>\n<p><img decoding=\"async\" class=\"alignnone size-full wp-image-879628 lazyload\" alt=\"\" width=\"920\" height=\"517\" \/><\/p>\n<p>Elenco e lan\u00e7amento<\/p>\n<p>Dirigido por <strong>Destin Daniel Cretton<\/strong>, o filme conta com <strong>Tom Holland<\/strong> (Homem-Aranha), <strong>Jon Bernthal<\/strong> (Justiceiro), <strong>Mark Ruffalo<\/strong> (Hulk), <strong>Zendaya<\/strong> (MJ), <strong>Sadie Sink<\/strong>, <strong>Michael Mando<\/strong> (Escorpi\u00e3o), <strong>Jacob Batalon<\/strong> (Ned Leeds) e poss\u00edveis participa\u00e7\u00f5es de personagens ligados aos Vingadores.<\/p>\n<p><strong>Homem-Aranha: Um Novo Dia<\/strong> tem estreia marcada para <strong>julho de 2026<\/strong> e promete redefinir o lugar do Homem-Aranha no Universo Cinematogr\u00e1fico Marvel.<\/p>\n<p>Fique com: <\/p>\n<p>    <script async src=\"https:\/\/platform.twitter.com\/widgets.js\" charset=\"utf-8\"><\/script><\/p>\n","protected":false},"excerpt":{"rendered":"Participa\u00e7\u00e3o de Sadie Sink pode ultrapassar um \u00fanico filme 15\/12\/2025 &#8230; Por Equipe Legi\u00e3o dos Her\u00f3is Aten\u00e7\u00e3o: Alerta&hellip;\n","protected":false},"author":2,"featured_media":190010,"comment_status":"","ping_status":"","sticky":false,"template":"","format":"standard","meta":{"footnotes":""},"categories":[140],"tags":[114,115,147,148,38300,146,32,33,38299],"class_list":{"0":"post-190009","1":"post","2":"type-post","3":"status-publish","4":"format-standard","5":"has-post-thumbnail","7":"category-filmes","8":"tag-entertainment","9":"tag-entretenimento","10":"tag-film","11":"tag-filmes","12":"tag-julius","13":"tag-movies","14":"tag-portugal","15":"tag-pt","16":"tag-velocista"},"share_on_mastodon":{"url":"https:\/\/pubeurope.com\/@pt\/115726178439774112","error":""},"_links":{"self":[{"href":"https:\/\/www.europesays.com\/pt\/wp-json\/wp\/v2\/posts\/190009","targetHints":{"allow":["GET"]}}],"collection":[{"href":"https:\/\/www.europesays.com\/pt\/wp-json\/wp\/v2\/posts"}],"about":[{"href":"https:\/\/www.europesays.com\/pt\/wp-json\/wp\/v2\/types\/post"}],"author":[{"embeddable":true,"href":"https:\/\/www.europesays.com\/pt\/wp-json\/wp\/v2\/users\/2"}],"replies":[{"embeddable":true,"href":"https:\/\/www.europesays.com\/pt\/wp-json\/wp\/v2\/comments?post=190009"}],"version-history":[{"count":0,"href":"https:\/\/www.europesays.com\/pt\/wp-json\/wp\/v2\/posts\/190009\/revisions"}],"wp:featuredmedia":[{"embeddable":true,"href":"https:\/\/www.europesays.com\/pt\/wp-json\/wp\/v2\/media\/190010"}],"wp:attachment":[{"href":"https:\/\/www.europesays.com\/pt\/wp-json\/wp\/v2\/media?parent=190009"}],"wp:term":[{"taxonomy":"category","embeddable":true,"href":"https:\/\/www.europesays.com\/pt\/wp-json\/wp\/v2\/categories?post=190009"},{"taxonomy":"post_tag","embeddable":true,"href":"https:\/\/www.europesays.com\/pt\/wp-json\/wp\/v2\/tags?post=190009"}],"curies":[{"name":"wp","href":"https:\/\/api.w.org\/{rel}","templated":true}]}}