{"id":190021,"date":"2025-12-15T23:41:20","date_gmt":"2025-12-15T23:41:20","guid":{"rendered":"https:\/\/www.europesays.com\/pt\/190021\/"},"modified":"2025-12-15T23:41:20","modified_gmt":"2025-12-15T23:41:20","slug":"o-que-fez-mauricio-kubrusly-ser-internado-em-uti","status":"publish","type":"post","link":"https:\/\/www.europesays.com\/pt\/190021\/","title":{"rendered":"O que fez Maur\u00edcio Kubrusly ser internado em UTI"},"content":{"rendered":"<p>  <img class=\"content-first-image size-full wp-image-2748935\" loading=\"eager\" decoding=\"sync\" fetchpriority=\"high\" src=\"https:\/\/www.europesays.com\/pt\/wp-content\/uploads\/2025\/12\/jornalista-mauricio-kubrusly-2.jpg\" alt=\"Queda de Maur\u00edcio Kubrusly levou a procedimento para drenagem de hematomaFoto: R7\/Reprodu\u00e7\u00e3o\/ND Mais\" width=\"1200\" height=\"700\"  \/>Queda de Maur\u00edcio Kubrusly levou a procedimento para drenagem de hematomaFoto: R7\/Reprodu\u00e7\u00e3o\/ND Mais<\/p>\n<p>Maur\u00edcio Kubrusly, 80, foi internado na UTI (Unidade de Terapia Intensiva) da Santa Casa da Miseric\u00f3rdia de Itabuna (BA) ap\u00f3s sofrer uma queda. Ele passou por um procedimento para drenar um hematoma e, at\u00e9 a \u00faltima atualiza\u00e7\u00e3o publicada, n\u00e3o havia detalhes oficiais sobre o quadro cl\u00ednico<\/p>\n<p>Segundo o Correio24Horas, a interna\u00e7\u00e3o ocorreu no domingo (14), depois do acidente dom\u00e9stico, e o hospital n\u00e3o divulgou previs\u00e3o de alta nem boletim detalhado.<\/p>\n<p>Queda levou a procedimento para drenagem de hematoma<\/p>\n<p>Maur\u00edcio Kubrusly precisou passar por um procedimento para drenar um hematoma ap\u00f3s a queda e foi encaminhado para acompanhamento em terapia intensiva.<\/p>\n<p><a class=\"cta-discover d-flex justify-content-between align-items-center w-100\" target=\"_blank\" rel=\"nofollow noopner noopener\" href=\"https:\/\/profile.google.com\/cp\/Cg0vZy8xMXZ5cjY4NHho\">   Fa\u00e7a como milh\u00f5es de leitores informados: siga o ND Mais no Google.  Seguir<\/a> <img class=\"wp-image-2748934 size-full\" loading=\"lazy\" decoding=\"async\" src=\"https:\/\/www.europesays.com\/pt\/wp-content\/uploads\/2025\/12\/jornalista-mauricio-kubrusly-3.jpg\" alt=\"Maur\u00edcio Kubrusly\" width=\"1200\" height=\"700\"  \/>Maur\u00edcio Kubrusly, rep\u00f3rter de 80 anos sofreu uma queda no sul da Bahia e passou por procedimento para drenar um hematomaFoto: Not\u00edcias da TV\/Reprodu\u00e7\u00e3o\/ND Mais<\/p>\n<p>A drenagem \u00e9 uma medida usada quando o ac\u00famulo de sangue (hematoma) exige interven\u00e7\u00e3o para reduzir riscos e permitir monitoramento mais pr\u00f3ximo, algo comum especialmente em pacientes idosos, que podem demandar observa\u00e7\u00e3o cont\u00ednua ap\u00f3s trauma.<\/p>\n<p>O que se sabe sobre o estado de sa\u00fade<\/p>\n<p>At\u00e9 o momento, n\u00e3o foram divulgados detalhes p\u00fablicos adicionais sobre a evolu\u00e7\u00e3o cl\u00ednica do jornalista, al\u00e9m da confirma\u00e7\u00e3o da interna\u00e7\u00e3o e do procedimento realizado.<\/p>\n<p><img class=\"wp-image-2748933 size-full\" loading=\"lazy\" decoding=\"async\" src=\"https:\/\/www.europesays.com\/pt\/wp-content\/uploads\/2025\/12\/jornalista-mauricio-kubrusly-1.jpg\" alt=\"Maur\u00edcio Kubrusly\" width=\"1200\" height=\"700\"  \/>Maur\u00edcio Kubrusly, 80, foi internado na UTI (Unidade de Terapia Intensiva) da Santa Casa da Miseric\u00f3rdia de Itabuna (BA)Foto: R7\/Reprodu\u00e7\u00e3o\/ND Mais<\/p>\n<p>Kubrusly vive no sul da Bahia desde 2018, ao lado da esposa, Beatriz Goulart, e est\u00e1 afastado da televis\u00e3o ap\u00f3s o diagn\u00f3stico de dem\u00eancia frontotemporal.<\/p>\n<p>Dem\u00eancia frontotemporal e o document\u00e1rio lan\u00e7ado em 2024<\/p>\n<p>A DFT (<a href=\"https:\/\/ndmais.com.br\/saude\/demencia-pode-causar-impactos-na-vida-social\/\" rel=\"nofollow noopener\" target=\"_blank\">dem\u00eancia<\/a> frontotemporal) \u00e9 um grupo de doen\u00e7as neurodegenerativas que afetam \u00e1reas do c\u00e9rebro relacionadas principalmente a comportamento, personalidade e linguagem, podendo tamb\u00e9m impactar outras fun\u00e7\u00f5es cognitivas ao longo do tempo.<\/p>\n<p>Com informa\u00e7\u00f5es de\u00a0Correio24Horas<\/p>\n","protected":false},"excerpt":{"rendered":"Queda de Maur\u00edcio Kubrusly levou a procedimento para drenagem de hematomaFoto: R7\/Reprodu\u00e7\u00e3o\/ND Mais Maur\u00edcio Kubrusly, 80, foi internado&hellip;\n","protected":false},"author":2,"featured_media":190022,"comment_status":"","ping_status":"","sticky":false,"template":"","format":"standard","meta":{"footnotes":""},"categories":[145],"tags":[815,211,210,114,115,980,7886,1968,32,33,4066],"class_list":{"0":"post-190021","1":"post","2":"type-post","3":"status-publish","4":"format-standard","5":"has-post-thumbnail","7":"category-celebridades","8":"tag-bahia","9":"tag-celebridades","10":"tag-celebrities","11":"tag-entertainment","12":"tag-entretenimento","13":"tag-famosos","14":"tag-nacional-hard-news","15":"tag-notcia","16":"tag-portugal","17":"tag-pt","18":"tag-sade"},"share_on_mastodon":{"url":"https:\/\/pubeurope.com\/@pt\/115726233572275574","error":""},"_links":{"self":[{"href":"https:\/\/www.europesays.com\/pt\/wp-json\/wp\/v2\/posts\/190021","targetHints":{"allow":["GET"]}}],"collection":[{"href":"https:\/\/www.europesays.com\/pt\/wp-json\/wp\/v2\/posts"}],"about":[{"href":"https:\/\/www.europesays.com\/pt\/wp-json\/wp\/v2\/types\/post"}],"author":[{"embeddable":true,"href":"https:\/\/www.europesays.com\/pt\/wp-json\/wp\/v2\/users\/2"}],"replies":[{"embeddable":true,"href":"https:\/\/www.europesays.com\/pt\/wp-json\/wp\/v2\/comments?post=190021"}],"version-history":[{"count":0,"href":"https:\/\/www.europesays.com\/pt\/wp-json\/wp\/v2\/posts\/190021\/revisions"}],"wp:featuredmedia":[{"embeddable":true,"href":"https:\/\/www.europesays.com\/pt\/wp-json\/wp\/v2\/media\/190022"}],"wp:attachment":[{"href":"https:\/\/www.europesays.com\/pt\/wp-json\/wp\/v2\/media?parent=190021"}],"wp:term":[{"taxonomy":"category","embeddable":true,"href":"https:\/\/www.europesays.com\/pt\/wp-json\/wp\/v2\/categories?post=190021"},{"taxonomy":"post_tag","embeddable":true,"href":"https:\/\/www.europesays.com\/pt\/wp-json\/wp\/v2\/tags?post=190021"}],"curies":[{"name":"wp","href":"https:\/\/api.w.org\/{rel}","templated":true}]}}