{"id":190111,"date":"2025-12-16T01:03:19","date_gmt":"2025-12-16T01:03:19","guid":{"rendered":"https:\/\/www.europesays.com\/pt\/190111\/"},"modified":"2025-12-16T01:03:19","modified_gmt":"2025-12-16T01:03:19","slug":"a-mensagem-da-irma-de-fabio-para-liliana-que-poucos-esperavam-ouvir-dois-as-10","status":"publish","type":"post","link":"https:\/\/www.europesays.com\/pt\/190111\/","title":{"rendered":"A mensagem da irm\u00e3 de F\u00e1bio para Liliana que poucos esperavam ouvir &#8211; Dois \u00e0s 10"},"content":{"rendered":"<p>                        A mensagem chegou como surpresa para Liliana e F\u00e1bio durante a mais recente gala do Secret Story.<\/p>\n<p data-end=\"565\" data-start=\"235\">O arranque da gala deste domingo, dia <strong data-end=\"279\" data-start=\"273\">14<\/strong>, do <strong data-end=\"322\" data-start=\"284\">\u201cSecret Story \u2013 Casa dos Segredos\u201d<\/strong> ficou marcado por um momento diferente e carregado de emo\u00e7\u00e3o. As concorrentes <strong data-end=\"447\" data-start=\"401\">nomeadas da semana \u2014 Ana, In\u00eas e Liliana \u2014<\/strong> receberam mensagens especiais de <strong data-end=\"519\" data-start=\"481\">familiares de outros participantes<\/strong>, numa din\u00e2mica que apanhou todas de surpresa.<\/p>\n<p data-end=\"739\" data-start=\"567\">No caso de <strong data-end=\"589\" data-start=\"578\">Liliana<\/strong>, a concorrente atendeu uma chamada de <strong data-end=\"639\" data-start=\"628\">Vanessa<\/strong>, irm\u00e3 de <strong data-end=\"658\" data-start=\"649\">F\u00e1bio<\/strong>, que fez quest\u00e3o de deixar uma mensagem honesta, mas tamb\u00e9m de reconhecimento.<\/p>\n<blockquote data-end=\"895\" data-start=\"741\">\n<p data-end=\"895\" data-start=\"743\"><strong>\u201cAdmito que, no in\u00edcio, tive as minhas reservas, mas hoje consigo ver a tua coragem, a tua verdade e a tua forma de estar no jogo\u201d,<\/strong> come\u00e7ou por dizer.<\/p>\n<\/blockquote>\n<p data-end=\"1077\" data-start=\"897\">As palavras acabaram por tocar Liliana, sobretudo por virem de algu\u00e9m t\u00e3o pr\u00f3ximo de F\u00e1bio, com quem a concorrente tem vivido uma rela\u00e7\u00e3o marcada por altos e baixos dentro da casa.<\/p>\n<p data-end=\"1169\" data-start=\"1079\">Vanessa n\u00e3o deixou, no entanto, de apontar aquilo que considera ser um ponto a melhorar:<\/p>\n<blockquote data-end=\"1276\" data-start=\"1170\">\n<p data-end=\"1276\" data-start=\"1172\"><strong>\u201cAcho que por vezes n\u00e3o valorizas o F\u00e1bio, mas acredito que, com o tempo, a comunica\u00e7\u00e3o ir\u00e1 melhorar.\u201d<\/strong><\/p>\n<\/blockquote>\n<p data-end=\"1472\" data-start=\"1278\">Um momento de franqueza que trouxe emo\u00e7\u00e3o \u00e0 gala e mostrou que, fora da casa, as atitudes dos concorrentes s\u00e3o acompanhadas com aten\u00e7\u00e3o \u2014 e sentidas de forma muito pessoal por quem est\u00e1 c\u00e1 fora.<\/p>\n<p data-end=\"1647\" data-start=\"1474\">\u00a0<\/p>\n","protected":false},"excerpt":{"rendered":"A mensagem chegou como surpresa para Liliana e F\u00e1bio durante a mais recente gala do Secret Story. O&hellip;\n","protected":false},"author":2,"featured_media":190112,"comment_status":"","ping_status":"","sticky":false,"template":"","format":"standard","meta":{"footnotes":""},"categories":[142],"tags":[329,166,3412,3406,3409,801,3410,3411,3407,3408,114,115,19082,19016,3413,338,32,33,1315,151],"class_list":{"0":"post-190111","1":"post","2":"type-post","3":"status-publish","4":"format-standard","5":"has-post-thumbnail","7":"category-tv","8":"tag-claudio-ramos","9":"tag-cristina-ferreira","10":"tag-dois-10","11":"tag-dois-a-s-10-dois-a-s-10","12":"tag-dois-a-s-dez","13":"tag-dois-as-10","14":"tag-dois-as-dez","15":"tag-dois-dez","16":"tag-doisas10","17":"tag-doisasdez","18":"tag-entertainment","19":"tag-entretenimento","20":"tag-fabio","21":"tag-liliana","22":"tag-manha-tvi","23":"tag-maria-botelho-moniz","24":"tag-portugal","25":"tag-pt","26":"tag-secret-story","27":"tag-tv"},"share_on_mastodon":{"url":"https:\/\/pubeurope.com\/@pt\/115726555768371956","error":""},"_links":{"self":[{"href":"https:\/\/www.europesays.com\/pt\/wp-json\/wp\/v2\/posts\/190111","targetHints":{"allow":["GET"]}}],"collection":[{"href":"https:\/\/www.europesays.com\/pt\/wp-json\/wp\/v2\/posts"}],"about":[{"href":"https:\/\/www.europesays.com\/pt\/wp-json\/wp\/v2\/types\/post"}],"author":[{"embeddable":true,"href":"https:\/\/www.europesays.com\/pt\/wp-json\/wp\/v2\/users\/2"}],"replies":[{"embeddable":true,"href":"https:\/\/www.europesays.com\/pt\/wp-json\/wp\/v2\/comments?post=190111"}],"version-history":[{"count":0,"href":"https:\/\/www.europesays.com\/pt\/wp-json\/wp\/v2\/posts\/190111\/revisions"}],"wp:featuredmedia":[{"embeddable":true,"href":"https:\/\/www.europesays.com\/pt\/wp-json\/wp\/v2\/media\/190112"}],"wp:attachment":[{"href":"https:\/\/www.europesays.com\/pt\/wp-json\/wp\/v2\/media?parent=190111"}],"wp:term":[{"taxonomy":"category","embeddable":true,"href":"https:\/\/www.europesays.com\/pt\/wp-json\/wp\/v2\/categories?post=190111"},{"taxonomy":"post_tag","embeddable":true,"href":"https:\/\/www.europesays.com\/pt\/wp-json\/wp\/v2\/tags?post=190111"}],"curies":[{"name":"wp","href":"https:\/\/api.w.org\/{rel}","templated":true}]}}