{"id":190142,"date":"2025-12-16T01:45:20","date_gmt":"2025-12-16T01:45:20","guid":{"rendered":"https:\/\/www.europesays.com\/pt\/190142\/"},"modified":"2025-12-16T01:45:20","modified_gmt":"2025-12-16T01:45:20","slug":"andre-pestana-formaliza-candidatura-com-8-000-assinaturas-observador","status":"publish","type":"post","link":"https:\/\/www.europesays.com\/pt\/190142\/","title":{"rendered":"Andr\u00e9 Pestana formaliza candidatura com 8.000 assinaturas \u2013 Observador"},"content":{"rendered":"<p><a href=\"https:\/\/observador.pt\/liveblogs\/governo-recusa-voltar-a-estaca-zero-na-reforma-das-leis-de-trabalho\/\" rel=\"nofollow noopener\" target=\"_blank\">Acompanhe o nosso liveblog sobre pol\u00edtica<\/a><\/p>\n<p>Andr\u00e9 Pestana da Silva, do Sindicato para Todos os Profissionais da Educa\u00e7\u00e3o (S.TO.P.), formalizou esta segunda-feira a candidatura presidencial, sob o mote \u201c\u00e9 hora de abrir a pestana\u201d, com a entrega de 8.000 assinaturas no Tribunal Constitucional.<\/p>\n<p>\u201c<strong>O Presidente da Rep\u00fablica tem de estar ao lado das popula\u00e7\u00f5es que est\u00e3o a sofrer com grandes sacrif\u00edcios<\/strong>, mas que d\u00e3o diariamente o seu melhor e, nesse sentido, \u00e9 uma candidatura alternativa, claramente, ao que n\u00e3o temos tido\u201d, afirmou Andr\u00e9 Pestana aos jornalistas, ap\u00f3s a entrega das assinaturas no Pal\u00e1cio Ratton, em Lisboa.<\/p>\n<p>O candidato apontou as desigualdades existentes num \u201cpa\u00eds a duas velocidades\u201d, que tem pessoas a receber pens\u00f5es de menos de 500 euros por m\u00eas e, ao mesmo tempo, empresas com lucros recorde.<\/p>\n<p>Andr\u00e9 Pestana disse ainda que a sua candidatura \u00e9 contra os privilegiados, onde incluiu os partidos pol\u00edticos como o PSD, Chega e PS, que recebem v\u00e1rios milh\u00f5es de euros dos impostos dos portugueses.<\/p>\n<p>O candidato, que ainda se cruzou \u00e0 chegada com Ant\u00f3nio Jos\u00e9 Seguro, considerou estar a ser alvo de discrimina\u00e7\u00e3o por n\u00e3o ter sido convidado a participar nos debates televisivos entre candidatos.<\/p>\n<p>\u201cH\u00e1, claramente, tamb\u00e9m uma <strong>falta de democracia<\/strong>, que tamb\u00e9m viola a Lei Eleitoral, que diz que tem de haver tal igualdade entre todas as candidaturas\u201d, vincou.<\/p>\n<p>Questionado sobre o n\u00famero de candidaturas \u00e0s elei\u00e7\u00f5es presidenciais de janeiro, Andr\u00e9 Pestana considerou \u201ca diversidade de ideias\u201d positiva.<\/p>\n<p>\u201cN\u00f3s estamos a ser roubados, os nossos filhos, o futuro deles est\u00e1 em causa, n\u00e3o s\u00f3 em termos sociais, porque esta reforma liberal vai precarizar ainda mais a juventude, e vai destruir mais o planeta\u201d, apontou o candidato, considerando que \u201c\u00e9 hora de abrir a pestana\u201d.<\/p>\n<p>As elei\u00e7\u00f5es presidenciais est\u00e3o marcadas para 18 de janeiro de 2026.<\/p>\n<p>Esta \u00e9 a 12.\u00aa vez (incluindo as duas voltas das elei\u00e7\u00f5es de 1986) que os portugueses s\u00e3o chamados, desde 1976, a escolher o Presidente da Rep\u00fablica em democracia.<\/p>\n<p>\u00c0s elei\u00e7\u00f5es presidenciais anunciaram, entre outros, as suas candidaturas Ant\u00f3nio Filipe (com o apoio do PCP), Ant\u00f3nio Jos\u00e9 Seguro (apoiado pelo PS), Andr\u00e9 Ventura (apoiado pelo Chega), Catarina Martins (apoiada pelo BE), Henrique Gouveia e Melo, Jo\u00e3o Cotrim Figueiredo (apoiado pela Iniciativa Liberal), Jorge Pinto (apoiado pelo Livre) e Lu\u00eds Marques Mendes (com o apoio do PSD).<\/p>\n","protected":false},"excerpt":{"rendered":"Acompanhe o nosso liveblog sobre pol\u00edtica Andr\u00e9 Pestana da Silva, do Sindicato para Todos os Profissionais da Educa\u00e7\u00e3o&hellip;\n","protected":false},"author":2,"featured_media":190143,"comment_status":"","ping_status":"","sticky":false,"template":"","format":"standard","meta":{"footnotes":""},"categories":[10],"tags":[27,28,1077,15,16,14,300,25,26,21,22,12,13,19,20,302,32,1076,23,24,33,17,18,299,298,29,30,31],"class_list":{"0":"post-190142","1":"post","2":"type-post","3":"status-publish","4":"format-standard","5":"has-post-thumbnail","7":"category-portugal","8":"tag-breaking-news","9":"tag-breakingnews","10":"tag-eleiu00e7u00f5es","11":"tag-featured-news","12":"tag-featurednews","13":"tag-headlines","14":"tag-justiu00e7a","15":"tag-latest-news","16":"tag-latestnews","17":"tag-main-news","18":"tag-mainnews","19":"tag-news","20":"tag-noticias","21":"tag-noticias-principais","22":"tag-noticiasprincipais","23":"tag-polu00edtica","24":"tag-portugal","25":"tag-presidenciais-2026","26":"tag-principais-noticias","27":"tag-principaisnoticias","28":"tag-pt","29":"tag-top-stories","30":"tag-topstories","31":"tag-tribunal","32":"tag-tribunal-constitucional","33":"tag-ultimas","34":"tag-ultimas-noticias","35":"tag-ultimasnoticias"},"share_on_mastodon":{"url":"https:\/\/pubeurope.com\/@pt\/115726721090584919","error":""},"_links":{"self":[{"href":"https:\/\/www.europesays.com\/pt\/wp-json\/wp\/v2\/posts\/190142","targetHints":{"allow":["GET"]}}],"collection":[{"href":"https:\/\/www.europesays.com\/pt\/wp-json\/wp\/v2\/posts"}],"about":[{"href":"https:\/\/www.europesays.com\/pt\/wp-json\/wp\/v2\/types\/post"}],"author":[{"embeddable":true,"href":"https:\/\/www.europesays.com\/pt\/wp-json\/wp\/v2\/users\/2"}],"replies":[{"embeddable":true,"href":"https:\/\/www.europesays.com\/pt\/wp-json\/wp\/v2\/comments?post=190142"}],"version-history":[{"count":0,"href":"https:\/\/www.europesays.com\/pt\/wp-json\/wp\/v2\/posts\/190142\/revisions"}],"wp:featuredmedia":[{"embeddable":true,"href":"https:\/\/www.europesays.com\/pt\/wp-json\/wp\/v2\/media\/190143"}],"wp:attachment":[{"href":"https:\/\/www.europesays.com\/pt\/wp-json\/wp\/v2\/media?parent=190142"}],"wp:term":[{"taxonomy":"category","embeddable":true,"href":"https:\/\/www.europesays.com\/pt\/wp-json\/wp\/v2\/categories?post=190142"},{"taxonomy":"post_tag","embeddable":true,"href":"https:\/\/www.europesays.com\/pt\/wp-json\/wp\/v2\/tags?post=190142"}],"curies":[{"name":"wp","href":"https:\/\/api.w.org\/{rel}","templated":true}]}}