{"id":190155,"date":"2025-12-16T02:00:48","date_gmt":"2025-12-16T02:00:48","guid":{"rendered":"https:\/\/www.europesays.com\/pt\/190155\/"},"modified":"2025-12-16T02:00:48","modified_gmt":"2025-12-16T02:00:48","slug":"lidl-lanca-modelador-para-fazer-os-caracois-perfeitos-por-menos-de-20e-nit","status":"publish","type":"post","link":"https:\/\/www.europesays.com\/pt\/190155\/","title":{"rendered":"Lidl lan\u00e7a modelador para fazer os carac\u00f3is perfeitos por menos de 20\u20ac \u2014 NiT"},"content":{"rendered":"<p>Enquanto nos anos 60, todas as mulheres sonhavam ter um cabelo como o da cantora Cher, sedoso e o mais esticado poss\u00edvel, nos anos 80 chegaram as permanentes para trazer volume aos fios. Ao longo das d\u00e9cadas, as tend\u00eancias de penteados foram mudando e os carac\u00f3is transformaram-se numa das grandes apostas nos \u00faltimos anos.<\/p>\n<p>No entanto, nem sempre \u00e9 f\u00e1cil criar a curvatura perfeita em casa, por isso, toda a ajuda \u00e9 bem-vinda. \u00c9 nessas alturas que os modeladores passam a ser uma das melhores op\u00e7\u00f5es para fazer das ondas mais estreitas \u00e0s mais soltas.<\/p>\n<p>Com uma oferta t\u00e3o variada, \u00e9 dif\u00edcil saber por onde come\u00e7ar. Bem sabemos que, no que diz respeito a este segmento, os mais procurados continuar\u00e3o a ser os da Dyson, mas est\u00e1 agora dispon\u00edvel no Lidl uma novidade que ir\u00e1 fazer sucesso entre as maiores f\u00e3s destes gadgets.\u00a0<\/p>\n<p><img decoding=\"async\" loading=\"lazy\" class=\" wp-image-1550460\" src=\"https:\/\/www.europesays.com\/pt\/wp-content\/uploads\/2025\/12\/5df1b5eadf1c520c8b45f80c98689a5b.png\" alt=\"\" width=\"633\" height=\"520\"  \/>Tem um tom rose gold.<\/p>\n<p>Falamos do novo modelador de carac\u00f3is Cien Beauty, um ferro de ondula\u00e7\u00e3o com um formato alongado com um aspeto que faz lembrar equipamentos mais caros. Com um estilo moderno e uma pega ergon\u00f3mica, tem apenas um encaixe para quem realmente se quer focar na ondula\u00e7\u00e3o.<\/p>\n<p>Quanto \u00e0 temperatura m\u00e1xima, esta proposta pode aquecer at\u00e9 210 graus e conta com uma pot\u00eancia entre os 49 e 64 watts. Al\u00e9m disso, conta com um di\u00e2metro de cerca de 32 mil\u00edmetros que ajuda a criar carac\u00f3is grandes e soltos, bem como desativa\u00e7\u00e3o autom\u00e1tica ap\u00f3s meia hora.<\/p>\n<p>Em termos de utiliza\u00e7\u00e3o, \u00e9 semelhante \u00e0 maioria das restantes op\u00e7\u00f5es do mercado. Apenas tem de pegar em sec\u00e7\u00f5es do cabelo e enrol\u00e1-lo \u00e0 volta do tubo e aguardar uns instantes. O efeito ondulado pode manter-se durante alguns dias (se n\u00e3o molhar o cabelo nesse per\u00edodo, claro).<\/p>\n<p>O modelador est\u00e1 dispon\u00edvel nos supermercados do Lidl a partir desta segunda-feira, 15 de dezembro, por 17,99\u20ac. <\/p>\n<p>A NiT reuniu os 12 produtos para o cabelo mais populares do ano passado, de acordo com o Cosmetify. Carregue na galeria para conhec\u00ea-los.<\/p>\n","protected":false},"excerpt":{"rendered":"Enquanto nos anos 60, todas as mulheres sonhavam ter um cabelo como o da cantora Cher, sedoso e&hellip;\n","protected":false},"author":2,"featured_media":190156,"comment_status":"","ping_status":"","sticky":false,"template":"","format":"standard","meta":{"footnotes":""},"categories":[84],"tags":[109,107,108,32,33,105,103,104,106,110],"class_list":{"0":"post-190155","1":"post","2":"type-post","3":"status-publish","4":"format-standard","5":"has-post-thumbnail","7":"category-ciencia-e-tecnologia","8":"tag-ciencia","9":"tag-ciencia-e-tecnologia","10":"tag-cienciaetecnologia","11":"tag-portugal","12":"tag-pt","13":"tag-science","14":"tag-science-and-technology","15":"tag-scienceandtechnology","16":"tag-technology","17":"tag-tecnologia"},"share_on_mastodon":{"url":"https:\/\/pubeurope.com\/@pt\/115726784206157130","error":""},"_links":{"self":[{"href":"https:\/\/www.europesays.com\/pt\/wp-json\/wp\/v2\/posts\/190155","targetHints":{"allow":["GET"]}}],"collection":[{"href":"https:\/\/www.europesays.com\/pt\/wp-json\/wp\/v2\/posts"}],"about":[{"href":"https:\/\/www.europesays.com\/pt\/wp-json\/wp\/v2\/types\/post"}],"author":[{"embeddable":true,"href":"https:\/\/www.europesays.com\/pt\/wp-json\/wp\/v2\/users\/2"}],"replies":[{"embeddable":true,"href":"https:\/\/www.europesays.com\/pt\/wp-json\/wp\/v2\/comments?post=190155"}],"version-history":[{"count":0,"href":"https:\/\/www.europesays.com\/pt\/wp-json\/wp\/v2\/posts\/190155\/revisions"}],"wp:featuredmedia":[{"embeddable":true,"href":"https:\/\/www.europesays.com\/pt\/wp-json\/wp\/v2\/media\/190156"}],"wp:attachment":[{"href":"https:\/\/www.europesays.com\/pt\/wp-json\/wp\/v2\/media?parent=190155"}],"wp:term":[{"taxonomy":"category","embeddable":true,"href":"https:\/\/www.europesays.com\/pt\/wp-json\/wp\/v2\/categories?post=190155"},{"taxonomy":"post_tag","embeddable":true,"href":"https:\/\/www.europesays.com\/pt\/wp-json\/wp\/v2\/tags?post=190155"}],"curies":[{"name":"wp","href":"https:\/\/api.w.org\/{rel}","templated":true}]}}