{"id":190159,"date":"2025-12-16T02:07:11","date_gmt":"2025-12-16T02:07:11","guid":{"rendered":"https:\/\/www.europesays.com\/pt\/190159\/"},"modified":"2025-12-16T02:07:11","modified_gmt":"2025-12-16T02:07:11","slug":"corina-machado-sofre-fratura-vertebral-na-viagem-de-fuga-observador","status":"publish","type":"post","link":"https:\/\/www.europesays.com\/pt\/190159\/","title":{"rendered":"Corina Machado sofre fratura vertebral na viagem de fuga \u2013 Observador"},"content":{"rendered":"<p>Mar\u00eda Corina Machado, l\u00edder da oposi\u00e7\u00e3o venezuelana e vencedora do Pr\u00e9mio Nobel da Paz, sofreu uma fratura vertebral durante a sua viagem de fuga da Venezuela para a Noruega na semana passada. \u201cA fratura na v\u00e9rtebra est\u00e1 confirmada\u201d, confirmou, citada pelo <a href=\"https:\/\/www.theguardian.com\/world\/2025\/dec\/15\/maria-corina-machado-venezuela-norway\" rel=\"nofollow noopener\" target=\"_blank\">The Guardian<\/a>, a porta-voz de Machado, Claudia Macera.<\/p>\n<p>Segundo avan\u00e7ou o jornal noruegu\u00eas <a href=\"https:\/\/www.aftenposten.no\/verden\/i\/5pVdw6\/maria-corina-machado-ble-skadet-under-flukten-fra-venezuela\" rel=\"nofollow noopener\" target=\"_blank\">Aftenposten<\/a>, a les\u00e3o ter\u00e1 sido sofrida durante a viagem para Cura\u00e7au, onde, num barco de madeira de pescadores, <a href=\"https:\/\/observador.pt\/2025\/12\/10\/de-barco-e-de-madrugada-maria-corina-machado-tera-fugido-clandestinamente-para-curacau-para-viajar-e-receber-o-nobel-da-paz\/\" rel=\"nofollow noopener\" target=\"_blank\">Machado enfrentou o mar agitado das Cara\u00edbas<\/a>. Quando chegou a Oslo, na noite de quarta-feira, pediu para consultar um m\u00e9dico e acabou por ser examinada no Hospital Universit\u00e1rio de Oslo, em Ulleval.<\/p>\n<p>Machado j\u00e1 tinha dito que <strong>temeu pela vida<\/strong> durante a sua viagem de Caracas para Oslo, com passagem por Cura\u00e7au, para receber o Pr\u00e9mio Nobel da Paz, que ganhou por defender os direitos democr\u00e1ticos na Venezuela e por se opor \u00e0 ditatura de\u00a0Nicol\u00e1s Maduro.<\/p>\n<p>Dos sub\u00farbios de Caracas, onde vivia escondida h\u00e1 um ano, partiu, na passada segunda-feira,\u00a0de peruca e disfar\u00e7ada e durante 10 horas, descritas posteriormente ao <a href=\"https:\/\/www.wsj.com\/world\/americas\/disguised-and-in-danger-how-a-nobel-peace-prize-winner-escaped-venezuela-8146dc9d\" rel=\"nofollow noopener\" target=\"_blank\">The Wall Street<\/a>\u00a0como \u201cangustiantes\u201d, atravessou 10 postos de controlo militar venezuelanos para chegar a uma vila piscat\u00f3ria na costa, onde um barco de pesca de madeira a esperava.<\/p>\n<p>Na madrugada seguinte, partiu de barco para o perigoso mar aberto das Cara\u00edbas. Com os ventos fortes e o mar agitado a atras\u00e1-la, atracou em Cura\u00e7au na tarde desse mesmo dia. Ter\u00e1 nesta viagem sofrido a <strong>fratura.<\/strong><\/p>\n<p>Depois de um voo de jato\u00a0de Cura\u00e7au para Oslo, a vencedora do Nobel 2025 n\u00e3o chegou a tempo de participar na cerim\u00f3nia e acabou por ser a sua filha, Ana Corina Machado, a receber o pr\u00e9mio e a ler o seu discurso. Apareceu na varanda do Grand Hotel de Oslo durante a madrugada para acenar ao apoiantes.<\/p>\n","protected":false},"excerpt":{"rendered":"Mar\u00eda Corina Machado, l\u00edder da oposi\u00e7\u00e3o venezuelana e vencedora do Pr\u00e9mio Nobel da Paz, sofreu uma fratura vertebral&hellip;\n","protected":false},"author":2,"featured_media":190160,"comment_status":"","ping_status":"","sticky":false,"template":"","format":"standard","meta":{"footnotes":""},"categories":[8],"tags":[27,28,315,15,16,14,25,26,21,22,62,12,24802,13,19,20,32,23,24,24608,33,17,18,29,30,31,3023],"class_list":{"0":"post-190159","1":"post","2":"type-post","3":"status-publish","4":"format-standard","5":"has-post-thumbnail","7":"category-principais-noticias","8":"tag-breaking-news","9":"tag-breakingnews","10":"tag-cultura","11":"tag-featured-news","12":"tag-featurednews","13":"tag-headlines","14":"tag-latest-news","15":"tag-latestnews","16":"tag-main-news","17":"tag-mainnews","18":"tag-mundo","19":"tag-news","20":"tag-nobel-da-paz","21":"tag-noticias","22":"tag-noticias-principais","23":"tag-noticiasprincipais","24":"tag-portugal","25":"tag-principais-noticias","26":"tag-principaisnoticias","27":"tag-pru00e9mio-nobel","28":"tag-pt","29":"tag-top-stories","30":"tag-topstories","31":"tag-ultimas","32":"tag-ultimas-noticias","33":"tag-ultimasnoticias","34":"tag-venezuela"},"share_on_mastodon":{"url":"https:\/\/pubeurope.com\/@pt\/115726807595397395","error":""},"_links":{"self":[{"href":"https:\/\/www.europesays.com\/pt\/wp-json\/wp\/v2\/posts\/190159","targetHints":{"allow":["GET"]}}],"collection":[{"href":"https:\/\/www.europesays.com\/pt\/wp-json\/wp\/v2\/posts"}],"about":[{"href":"https:\/\/www.europesays.com\/pt\/wp-json\/wp\/v2\/types\/post"}],"author":[{"embeddable":true,"href":"https:\/\/www.europesays.com\/pt\/wp-json\/wp\/v2\/users\/2"}],"replies":[{"embeddable":true,"href":"https:\/\/www.europesays.com\/pt\/wp-json\/wp\/v2\/comments?post=190159"}],"version-history":[{"count":0,"href":"https:\/\/www.europesays.com\/pt\/wp-json\/wp\/v2\/posts\/190159\/revisions"}],"wp:featuredmedia":[{"embeddable":true,"href":"https:\/\/www.europesays.com\/pt\/wp-json\/wp\/v2\/media\/190160"}],"wp:attachment":[{"href":"https:\/\/www.europesays.com\/pt\/wp-json\/wp\/v2\/media?parent=190159"}],"wp:term":[{"taxonomy":"category","embeddable":true,"href":"https:\/\/www.europesays.com\/pt\/wp-json\/wp\/v2\/categories?post=190159"},{"taxonomy":"post_tag","embeddable":true,"href":"https:\/\/www.europesays.com\/pt\/wp-json\/wp\/v2\/tags?post=190159"}],"curies":[{"name":"wp","href":"https:\/\/api.w.org\/{rel}","templated":true}]}}