{"id":190173,"date":"2025-12-16T02:26:46","date_gmt":"2025-12-16T02:26:46","guid":{"rendered":"https:\/\/www.europesays.com\/pt\/190173\/"},"modified":"2025-12-16T02:26:46","modified_gmt":"2025-12-16T02:26:46","slug":"pj-apreende-malas-com-cinco-milhoes-de-euros-em-voo-oriundo-da-guine-bissau","status":"publish","type":"post","link":"https:\/\/www.europesays.com\/pt\/190173\/","title":{"rendered":"PJ apreende malas com cinco milh\u00f5es de euros em voo oriundo da Guin\u00e9-Bissau"},"content":{"rendered":"<p data-remotead-prev-elm=\"true\" data-remotead-elm-id=\"inread\">As dilig\u00eancias da PJ, que decorreram durante toda a noite de s\u00e1bado e esta madrugada de domingo, tiveram origem numa den\u00fancia an\u00f3nima. Ap\u00f3s revista, comprovou-se que o suspeito trazia na bagagem cerca de cinco milh\u00f5es de euros.<\/p>\n<p>O voo estava inicialmente classificado como sendo militar e, depois de Lisboa, seguiria para Beja. &#8220;Posteriormente, verificou-se que a natureza do voo e o seu final eram distintos do inicialmente indicado \u00e0s autoridades aeron\u00e1uticas&#8221;, adianta a PJ, em comunicado.<\/p>\n<p>Segundo a SIC, o detido ser\u00e1 pr\u00f3ximo de Sissoco Embal\u00f3, o presidente deposto da Guin\u00e9-Bissau. A mulher do presidente tamb\u00e9m estaria no avi\u00e3o, mas n\u00e3o foi detida.<\/p>\n<p>O detido est\u00e1 indiciado de contrabando e branqueamento de capitais. Dever\u00e1 ser apresentado a primeiro interrogat\u00f3rio judicial para aplica\u00e7\u00e3o das adequadas medidas de coa\u00e7\u00e3o.<\/p>\n","protected":false},"excerpt":{"rendered":"As dilig\u00eancias da PJ, que decorreram durante toda a noite de s\u00e1bado e esta madrugada de domingo, tiveram&hellip;\n","protected":false},"author":2,"featured_media":190174,"comment_status":"","ping_status":"","sticky":false,"template":"","format":"standard","meta":{"footnotes":""},"categories":[10],"tags":[38319,27,28,14078,15,16,11134,14,603,25,26,21,22,12,13,19,20,32,23,24,33,17,18,29,30,31],"class_list":{"0":"post-190173","1":"post","2":"type-post","3":"status-publish","4":"format-standard","5":"has-post-thumbnail","7":"category-portugal","8":"tag-branqueamento","9":"tag-breaking-news","10":"tag-breakingnews","11":"tag-contrabando","12":"tag-featured-news","13":"tag-featurednews","14":"tag-guine-bissau","15":"tag-headlines","16":"tag-justica","17":"tag-latest-news","18":"tag-latestnews","19":"tag-main-news","20":"tag-mainnews","21":"tag-news","22":"tag-noticias","23":"tag-noticias-principais","24":"tag-noticiasprincipais","25":"tag-portugal","26":"tag-principais-noticias","27":"tag-principaisnoticias","28":"tag-pt","29":"tag-top-stories","30":"tag-topstories","31":"tag-ultimas","32":"tag-ultimas-noticias","33":"tag-ultimasnoticias"},"share_on_mastodon":{"url":"https:\/\/pubeurope.com\/@pt\/115726886019480040","error":""},"_links":{"self":[{"href":"https:\/\/www.europesays.com\/pt\/wp-json\/wp\/v2\/posts\/190173","targetHints":{"allow":["GET"]}}],"collection":[{"href":"https:\/\/www.europesays.com\/pt\/wp-json\/wp\/v2\/posts"}],"about":[{"href":"https:\/\/www.europesays.com\/pt\/wp-json\/wp\/v2\/types\/post"}],"author":[{"embeddable":true,"href":"https:\/\/www.europesays.com\/pt\/wp-json\/wp\/v2\/users\/2"}],"replies":[{"embeddable":true,"href":"https:\/\/www.europesays.com\/pt\/wp-json\/wp\/v2\/comments?post=190173"}],"version-history":[{"count":0,"href":"https:\/\/www.europesays.com\/pt\/wp-json\/wp\/v2\/posts\/190173\/revisions"}],"wp:featuredmedia":[{"embeddable":true,"href":"https:\/\/www.europesays.com\/pt\/wp-json\/wp\/v2\/media\/190174"}],"wp:attachment":[{"href":"https:\/\/www.europesays.com\/pt\/wp-json\/wp\/v2\/media?parent=190173"}],"wp:term":[{"taxonomy":"category","embeddable":true,"href":"https:\/\/www.europesays.com\/pt\/wp-json\/wp\/v2\/categories?post=190173"},{"taxonomy":"post_tag","embeddable":true,"href":"https:\/\/www.europesays.com\/pt\/wp-json\/wp\/v2\/tags?post=190173"}],"curies":[{"name":"wp","href":"https:\/\/api.w.org\/{rel}","templated":true}]}}