{"id":190203,"date":"2025-12-16T03:30:13","date_gmt":"2025-12-16T03:30:13","guid":{"rendered":"https:\/\/www.europesays.com\/pt\/190203\/"},"modified":"2025-12-16T03:30:13","modified_gmt":"2025-12-16T03:30:13","slug":"i-liga-fc-porto-cf-estrela-da-amadora","status":"publish","type":"post","link":"https:\/\/www.europesays.com\/pt\/190203\/","title":{"rendered":"I Liga. FC Porto-CF Estrela da Amadora"},"content":{"rendered":"<p itemprop=\"description\" class=\"article-lead\">\n      O FC Porto venceu esta segunda-feira o Estrela da Amadora por 3-1, no Est\u00e1dio do Drag\u00e3o, em jogo da 14.\u00aa jornada da Primeira Liga. Samu bisou e Francisco Moura marcou o outro golo dos drag\u00f5es. Golos que colocam os &#8216;drag\u00f5es&#8217; com 40 pontos na I Liga, com lideran\u00e7a isolada, a cinco pontos de vantagem sobre o Sporting e oito sobre o Benfica. Abraham Marcus fez o tento da equipa visitante.&#13;<\/p>\n<p>      <img loading=\"lazy\" decoding=\"async\" itemprop=\"url\" alt=\"\" class=\"img-fluid\"  src=\"https:\/\/www.europesays.com\/pt\/wp-content\/uploads\/2025\/12\/7cc8273601ada896a95c15639d91c98b\" \/><\/p>\n<p>                        O conjunto comandado por Francesco Farioli segue invicto no topo da I Liga |<\/p>\n<p>              Foto: Jos\u00e9 Coelho &#8211; Lusa &#13;<\/p>\n<p>O FC Porto assegurou estya segunda-feira que ir\u00e1 passar o Natal na lideran\u00e7a isolada da I Liga portuguesa de futebol, ao vencer em casa o Estrela da Amadora, por 3-1, no jogo que encerrou a 14.\u00aa jornada.<\/p>\n<p>Samu, aos 17 minutos, de grande penalidade, Francisco Moura, aos 63&#8242;, e Lopes Cabral, aos 73&#8242;, na pr\u00f3pria baliza, assinaram os golos do 13.\u00ba triunfo dos \u2018drag\u00f5es\u2019 no campeonato, sendo que, pelo meio, Abraham Marcus ainda chegou a empatar o encontro, aos 60.<\/p>\n<p>Com apenas mais uma ronda por disputar at\u00e9 ao Natal, o conjunto comandado por Francesco Farioli segue invicto no topo da I Liga, com 40 pontos, mais cinco do que o segundo colocado, o Sporting, enquanto o Estrela da Amadora \u00e9 14.\u00ba, com 14.&#13;\n<\/p>\n<p><img decoding=\"async\" src=\"https:\/\/www.europesays.com\/pt\/wp-content\/uploads\/2025\/12\/35bb74d684875468e99c95e777a2fc87\"\/><\/p>\n<p><\/p>\n","protected":false},"excerpt":{"rendered":"O FC Porto venceu esta segunda-feira o Estrela da Amadora por 3-1, no Est\u00e1dio do Drag\u00e3o, em jogo&hellip;\n","protected":false},"author":2,"featured_media":190204,"comment_status":"","ping_status":"","sticky":false,"template":"","format":"standard","meta":{"footnotes":""},"categories":[87],"tags":[135,13,32,33,420,421,134],"class_list":{"0":"post-190203","1":"post","2":"type-post","3":"status-publish","4":"format-standard","5":"has-post-thumbnail","7":"category-desporto","8":"tag-desporto","9":"tag-noticias","10":"tag-portugal","11":"tag-pt","12":"tag-rtp","13":"tag-rtp-noticias","14":"tag-sports"},"share_on_mastodon":{"url":"https:\/\/pubeurope.com\/@pt\/115727134070582814","error":""},"_links":{"self":[{"href":"https:\/\/www.europesays.com\/pt\/wp-json\/wp\/v2\/posts\/190203","targetHints":{"allow":["GET"]}}],"collection":[{"href":"https:\/\/www.europesays.com\/pt\/wp-json\/wp\/v2\/posts"}],"about":[{"href":"https:\/\/www.europesays.com\/pt\/wp-json\/wp\/v2\/types\/post"}],"author":[{"embeddable":true,"href":"https:\/\/www.europesays.com\/pt\/wp-json\/wp\/v2\/users\/2"}],"replies":[{"embeddable":true,"href":"https:\/\/www.europesays.com\/pt\/wp-json\/wp\/v2\/comments?post=190203"}],"version-history":[{"count":0,"href":"https:\/\/www.europesays.com\/pt\/wp-json\/wp\/v2\/posts\/190203\/revisions"}],"wp:featuredmedia":[{"embeddable":true,"href":"https:\/\/www.europesays.com\/pt\/wp-json\/wp\/v2\/media\/190204"}],"wp:attachment":[{"href":"https:\/\/www.europesays.com\/pt\/wp-json\/wp\/v2\/media?parent=190203"}],"wp:term":[{"taxonomy":"category","embeddable":true,"href":"https:\/\/www.europesays.com\/pt\/wp-json\/wp\/v2\/categories?post=190203"},{"taxonomy":"post_tag","embeddable":true,"href":"https:\/\/www.europesays.com\/pt\/wp-json\/wp\/v2\/tags?post=190203"}],"curies":[{"name":"wp","href":"https:\/\/api.w.org\/{rel}","templated":true}]}}