{"id":190211,"date":"2025-12-16T03:38:22","date_gmt":"2025-12-16T03:38:22","guid":{"rendered":"https:\/\/www.europesays.com\/pt\/190211\/"},"modified":"2025-12-16T03:38:22","modified_gmt":"2025-12-16T03:38:22","slug":"fernanda-antunes-partilha-novidade-e-algo-que-quero-fazer-cada-vez-mais","status":"publish","type":"post","link":"https:\/\/www.europesays.com\/pt\/190211\/","title":{"rendered":"Fernanda Antunes partilha novidade: &#8220;\u00c9 algo que quero fazer cada vez mais&#8221;"},"content":{"rendered":"<p>A Associa\u00e7\u00e3o Sara Carreira, criada para fazer perdurar a mem\u00f3ria da falecida cantora, tinha at\u00e9 ent\u00e3o como miss\u00e3o apoiar crian\u00e7as e jovens adultos carenciados. No entanto, a presidente do projeto e m\u00e3e da malograda artista, <a href=\"https:\/\/selfie.iol.pt\/famosos\/manuel-luis-goucha\/em-noite-unica-fernanda-antunes-mostra-se-cumplice-de-conhecido-apresentador-veja-as-imagens-ineditas\/20250512\/68220fefd34ef72ee445dda6\" target=\"_blank\" rel=\"nofollow noopener\">Fernanda Antunes<\/a>, tem um novo objetivo em mente.<\/p>\n<p>&#8220;Temos o objetivo de ajudar os mais novos e n\u00e3o s\u00f3. Tenho algo bem presente, que \u00e9 ajudar tamb\u00e9m os mais velhos. Futuramente, \u00e9 algo que quero fazer cada vez mais. Acho que eles precisam cada vez mais&#8221;, disse <a href=\"https:\/\/selfie.iol.pt\/famosos\/associacao-sara-carreira\/gala-dos-sonhos-comovida-fernanda-antunes-afirma-nao-quero-que-se-esquecam-da-sara\/20251206\/69349856d34e3caad84c1a5f\" target=\"_blank\" rel=\"nofollow noopener\">Fernanda Antunes<\/a>, recentemente, em declara\u00e7\u00f5es aos jornalistas, \u00e0 margem da Gala dos Sonhos, exibida pela <a href=\"https:\/\/tvi.iol.pt\/\" target=\"_blank\" rel=\"nofollow noopener\">TVI<\/a>.<\/p>\n<p>Sobre esta nova vertente da Associa\u00e7\u00e3o Sara Carreira, a presidente da mesma acrescentou: &#8220;Gostaria de identificar, em fam\u00edlias, reformados que n\u00e3o tenham capacidade e entregar-lhe alimentos. Queria mesmo ajudar casos verdadeiros, pessoas que precisem mesmo de receber comida em casa.&#8221;<\/p>\n","protected":false},"excerpt":{"rendered":"A Associa\u00e7\u00e3o Sara Carreira, criada para fazer perdurar a mem\u00f3ria da falecida cantora, tinha at\u00e9 ent\u00e3o como miss\u00e3o&hellip;\n","protected":false},"author":2,"featured_media":190212,"comment_status":"","ping_status":"","sticky":false,"template":"","format":"standard","meta":{"footnotes":""},"categories":[145],"tags":[26903,36804,211,210,114,115,741,980,28630,36822,8204,619,32,33,28631,1012,162],"class_list":{"0":"post-190211","1":"post","2":"type-post","3":"status-publish","4":"format-standard","5":"has-post-thumbnail","7":"category-celebridades","8":"tag-associacao","9":"tag-associacao-sara-carreira","10":"tag-celebridades","11":"tag-celebrities","12":"tag-entertainment","13":"tag-entretenimento","14":"tag-entrevista","15":"tag-famosos","16":"tag-fernanda-antunes","17":"tag-gala-dos-sonhos","18":"tag-mae","19":"tag-nacional","20":"tag-portugal","21":"tag-pt","22":"tag-sara-carreira","23":"tag-selfie","24":"tag-tvi"},"share_on_mastodon":{"url":"https:\/\/pubeurope.com\/@pt\/115727165228369113","error":""},"_links":{"self":[{"href":"https:\/\/www.europesays.com\/pt\/wp-json\/wp\/v2\/posts\/190211","targetHints":{"allow":["GET"]}}],"collection":[{"href":"https:\/\/www.europesays.com\/pt\/wp-json\/wp\/v2\/posts"}],"about":[{"href":"https:\/\/www.europesays.com\/pt\/wp-json\/wp\/v2\/types\/post"}],"author":[{"embeddable":true,"href":"https:\/\/www.europesays.com\/pt\/wp-json\/wp\/v2\/users\/2"}],"replies":[{"embeddable":true,"href":"https:\/\/www.europesays.com\/pt\/wp-json\/wp\/v2\/comments?post=190211"}],"version-history":[{"count":0,"href":"https:\/\/www.europesays.com\/pt\/wp-json\/wp\/v2\/posts\/190211\/revisions"}],"wp:featuredmedia":[{"embeddable":true,"href":"https:\/\/www.europesays.com\/pt\/wp-json\/wp\/v2\/media\/190212"}],"wp:attachment":[{"href":"https:\/\/www.europesays.com\/pt\/wp-json\/wp\/v2\/media?parent=190211"}],"wp:term":[{"taxonomy":"category","embeddable":true,"href":"https:\/\/www.europesays.com\/pt\/wp-json\/wp\/v2\/categories?post=190211"},{"taxonomy":"post_tag","embeddable":true,"href":"https:\/\/www.europesays.com\/pt\/wp-json\/wp\/v2\/tags?post=190211"}],"curies":[{"name":"wp","href":"https:\/\/api.w.org\/{rel}","templated":true}]}}