{"id":190222,"date":"2025-12-16T03:59:09","date_gmt":"2025-12-16T03:59:09","guid":{"rendered":"https:\/\/www.europesays.com\/pt\/190222\/"},"modified":"2025-12-16T03:59:09","modified_gmt":"2025-12-16T03:59:09","slug":"tres-concorrentes-estao-em-risco-ja-sao-conhecidos-os-nomeados-da-semana-no-secret-story-9-secret-story","status":"publish","type":"post","link":"https:\/\/www.europesays.com\/pt\/190222\/","title":{"rendered":"Tr\u00eas concorrentes est\u00e3o em risco: J\u00e1 s\u00e3o conhecidos os nomeados da semana no Secret Story 9 &#8211; Secret Story"},"content":{"rendered":"<p style=\"margin-bottom:11px\">No Secret Story 9, j\u00e1 foram anunciados os nomes dos concorrentes que, esta semana, est\u00e3o mais perto da porta de sa\u00edda.<\/p>\n<p>J\u00e1 pode votar para salvar o seu concorrente favorito. Vote atrav\u00e9s da App TVI Reality ou das linhas telef\u00f3nicas.<\/p>\n<p style=\"margin-bottom:11px\"><b>VOTA\u00c7\u00c3O PARA SALVAR:<\/b><\/p>\n<p style=\"margin-bottom:11px\"><b>F\u00c1BIO \u2013 761 20 20 08<\/b><\/p>\n<p style=\"margin-bottom:11px\"><b>IN\u00caS \u2013 761 20 20 10<\/b><\/p>\n<p style=\"margin-bottom:11px\"><b>PEDRO \u2013 761 20 20 18<\/b><\/p>\n<p style=\"margin-bottom:11px\">Acompanhe ao minuto, tudo o que se passa dentro da casa mais vigiada do Pa\u00eds.<\/p>\n<p style=\"margin-bottom:11px\">\u00a0<\/p>\n","protected":false},"excerpt":{"rendered":"No Secret Story 9, j\u00e1 foram anunciados os nomes dos concorrentes que, esta semana, est\u00e3o mais perto da&hellip;\n","protected":false},"author":2,"featured_media":190223,"comment_status":"","ping_status":"","sticky":false,"template":"","format":"standard","meta":{"footnotes":""},"categories":[142],"tags":[114,115,19033,19034,3448,32,33,151,19032],"class_list":{"0":"post-190222","1":"post","2":"type-post","3":"status-publish","4":"format-standard","5":"has-post-thumbnail","7":"category-tv","8":"tag-entertainment","9":"tag-entretenimento","10":"tag-galas-em-video","11":"tag-melhores-momentos-casa-dos-segredos","12":"tag-nomeados","13":"tag-portugal","14":"tag-pt","15":"tag-tv","16":"tag-videos-secret-story-tvi"},"share_on_mastodon":{"url":"https:\/\/pubeurope.com\/@pt\/115727247912510968","error":""},"_links":{"self":[{"href":"https:\/\/www.europesays.com\/pt\/wp-json\/wp\/v2\/posts\/190222","targetHints":{"allow":["GET"]}}],"collection":[{"href":"https:\/\/www.europesays.com\/pt\/wp-json\/wp\/v2\/posts"}],"about":[{"href":"https:\/\/www.europesays.com\/pt\/wp-json\/wp\/v2\/types\/post"}],"author":[{"embeddable":true,"href":"https:\/\/www.europesays.com\/pt\/wp-json\/wp\/v2\/users\/2"}],"replies":[{"embeddable":true,"href":"https:\/\/www.europesays.com\/pt\/wp-json\/wp\/v2\/comments?post=190222"}],"version-history":[{"count":0,"href":"https:\/\/www.europesays.com\/pt\/wp-json\/wp\/v2\/posts\/190222\/revisions"}],"wp:featuredmedia":[{"embeddable":true,"href":"https:\/\/www.europesays.com\/pt\/wp-json\/wp\/v2\/media\/190223"}],"wp:attachment":[{"href":"https:\/\/www.europesays.com\/pt\/wp-json\/wp\/v2\/media?parent=190222"}],"wp:term":[{"taxonomy":"category","embeddable":true,"href":"https:\/\/www.europesays.com\/pt\/wp-json\/wp\/v2\/categories?post=190222"},{"taxonomy":"post_tag","embeddable":true,"href":"https:\/\/www.europesays.com\/pt\/wp-json\/wp\/v2\/tags?post=190222"}],"curies":[{"name":"wp","href":"https:\/\/api.w.org\/{rel}","templated":true}]}}