{"id":190234,"date":"2025-12-16T04:16:17","date_gmt":"2025-12-16T04:16:17","guid":{"rendered":"https:\/\/www.europesays.com\/pt\/190234\/"},"modified":"2025-12-16T04:16:17","modified_gmt":"2025-12-16T04:16:17","slug":"ainda-a-tentar-provar-o-seu-valor","status":"publish","type":"post","link":"https:\/\/www.europesays.com\/pt\/190234\/","title":{"rendered":"\u00abAinda a tentar provar o seu valor\u00bb"},"content":{"rendered":"<p>&#8211; Advertisement &#8211;<\/p>\n<p><strong>Viktor Gyokeres recebeu algumas cr\u00edticas da imprensa inglesa. Exibi\u00e7\u00e3o diante do Wolverhampton no centro da negatividade. <\/strong><\/p>\n<p>Viktor Gyokeres voltou a ficar em branco na <a href=\"https:\/\/bolanarede.pt\/especial-bola-na-rede\/atualidade\/arsenal-vence-wolverhampton-com-dois-autogolos-um-deles-e-surreal\/\" target=\"_blank\" rel=\"noreferrer noopener nofollow\">vit\u00f3ria sofrida do Arsenal diante do Wolverhampton por 2-1<\/a>. Na imprensa inglesa voltaram a fazer-se ouvir cr\u00edticas ao refor\u00e7os dos gunners que, recorde-se, regressou recentemente de les\u00e3o. <\/p>\n<p>\u00abAinda a tentar provar o seu valor perante Gabriel Jesus. Na primeira parte, n\u00e3o conseguiu aproveitar um excelente cruzamento de Saka, que foi depois afastado por Emmanuel Agbadou. Melhorou ap\u00f3s o intervalo e esteve perto de marcar com um remate rasteiro \u00e0 boca da baliza. Acabou por ser substitu\u00eddo por Jesus\u00bb, destacou o The Sun.<\/p>\n<p>\u00abFoi novamente apanhado desprevenido na \u00e1rea quando Saka fez um cruzamento incr\u00edvel. N\u00e3o conseguiu segurar a bola, fazer jogadas significativas para ajudar os companheiros e, uma vez mais, foi demasiado lento para perceber a inten\u00e7\u00e3o de Martinelli na jogada efetuada no in\u00edcio do segundo tempo\u00bb, frisou o Football London. <\/p>\n<p>Com mais um jogo no registo, ascendeu para 19 o n\u00famero de partidas jogadas por Viktor Gyokeres com a camisola do Arsenal, com apenas seis golos marcados. O avan\u00e7ado <a href=\"https:\/\/bolanarede.pt\/especial-bola-na-rede\/atualidade\/viktor-gyokeres-e-a-falta-de-golos-no-arsenal-em-portugal-passei-por-um-periodo-semelhante-quando-cheguei\/\" target=\"_blank\" rel=\"noreferrer noopener nofollow\">j\u00e1 falou publicamente na seca de golos <\/a>que atravessa.<\/p>\n","protected":false},"excerpt":{"rendered":"&#8211; Advertisement &#8211; Viktor Gyokeres recebeu algumas cr\u00edticas da imprensa inglesa. Exibi\u00e7\u00e3o diante do Wolverhampton no centro da&hellip;\n","protected":false},"author":2,"featured_media":190235,"comment_status":"","ping_status":"","sticky":false,"template":"","format":"standard","meta":{"footnotes":""},"categories":[87],"tags":[707,260,135,32,666,33,134,1355],"class_list":{"0":"post-190234","1":"post","2":"type-post","3":"status-publish","4":"format-standard","5":"has-post-thumbnail","7":"category-desporto","8":"tag-arsenal","9":"tag-atualidade","10":"tag-desporto","11":"tag-portugal","12":"tag-premier-league","13":"tag-pt","14":"tag-sports","15":"tag-viktor-gyokeres"},"share_on_mastodon":{"url":"https:\/\/pubeurope.com\/@pt\/115727314647878671","error":""},"_links":{"self":[{"href":"https:\/\/www.europesays.com\/pt\/wp-json\/wp\/v2\/posts\/190234","targetHints":{"allow":["GET"]}}],"collection":[{"href":"https:\/\/www.europesays.com\/pt\/wp-json\/wp\/v2\/posts"}],"about":[{"href":"https:\/\/www.europesays.com\/pt\/wp-json\/wp\/v2\/types\/post"}],"author":[{"embeddable":true,"href":"https:\/\/www.europesays.com\/pt\/wp-json\/wp\/v2\/users\/2"}],"replies":[{"embeddable":true,"href":"https:\/\/www.europesays.com\/pt\/wp-json\/wp\/v2\/comments?post=190234"}],"version-history":[{"count":0,"href":"https:\/\/www.europesays.com\/pt\/wp-json\/wp\/v2\/posts\/190234\/revisions"}],"wp:featuredmedia":[{"embeddable":true,"href":"https:\/\/www.europesays.com\/pt\/wp-json\/wp\/v2\/media\/190235"}],"wp:attachment":[{"href":"https:\/\/www.europesays.com\/pt\/wp-json\/wp\/v2\/media?parent=190234"}],"wp:term":[{"taxonomy":"category","embeddable":true,"href":"https:\/\/www.europesays.com\/pt\/wp-json\/wp\/v2\/categories?post=190234"},{"taxonomy":"post_tag","embeddable":true,"href":"https:\/\/www.europesays.com\/pt\/wp-json\/wp\/v2\/tags?post=190234"}],"curies":[{"name":"wp","href":"https:\/\/api.w.org\/{rel}","templated":true}]}}