{"id":19024,"date":"2025-08-06T22:50:07","date_gmt":"2025-08-06T22:50:07","guid":{"rendered":"https:\/\/www.europesays.com\/pt\/19024\/"},"modified":"2025-08-06T22:50:07","modified_gmt":"2025-08-06T22:50:07","slug":"como-fica-contaminada-a-agua-do-mar-5-perguntas-e-respostas-observador","status":"publish","type":"post","link":"https:\/\/www.europesays.com\/pt\/19024\/","title":{"rendered":"Como fica contaminada a \u00e1gua do mar? 5 perguntas e respostas \u2013 Observador"},"content":{"rendered":"<p>A m\u00e9dica destaca ainda a possibilidade de algumas pessoas contra\u00edrem meningite, que \u00e9 a \u201cinfe\u00e7\u00e3o do l\u00edquido que existe \u00e0 volta do c\u00e9rebro e da coluna\u201d. Assim, nos casos mais graves, a contamina\u00e7\u00e3o por esta bact\u00e9ria pode levar ao internamento hospitalar por gerar um quadro de sa\u00fade mais agudo e que exige cuidados m\u00e9dicos.<\/p>\n<p>Em casos mais raros, a infe\u00e7\u00e3o por E. coli\u00a0pode causar ainda infe\u00e7\u00f5es urin\u00e1rias, mas, como destaca Joana Moreno, tal n\u00e3o \u00e9 habitual no contexto de contamina\u00e7\u00e3o da \u00e1gua do mar. \u201cA contamina\u00e7\u00e3o nestes casos d\u00e1-se porque a pessoa ingere alguma \u00e1gua quando est\u00e1 a nadar e \u00e9 a partir da\u00ed que a bact\u00e9ria entra no corpo, atrav\u00e9s do sistema digestivo\u201d, explica.<\/p>\n<p>\u201cPode acontecer que a bact\u00e9ria entre no corpo atrav\u00e9s da uretra e provoque uma infe\u00e7\u00e3o urin\u00e1ria, mas tinha de haver uma grande quantidade de contamina\u00e7\u00e3o na \u00e1gua para isso acontecer\u201d, assegura a m\u00e9dica.<\/p>\n<p>Na Nazar\u00e9, o foco de contamina\u00e7\u00e3o pela bact\u00e9ria que se julga ser a\u00a0E. coli, tornou-se evidente atrav\u00e9s da\u00a0desloca\u00e7\u00e3o de dezenas de pessoas a unidades de sa\u00fade com \u201csintomatologia gastrointestinal\u201d. A m\u00e9dica de Sa\u00fade P\u00fablica Joana Moreno diz que este \u00e9 o passo a dar perante a suspeita que um banhista possa ter em rela\u00e7\u00e3o a ter sido exposto a bact\u00e9rias nocivas na \u00e1gua do mar.<\/p>\n<p>\u201cSe as pessoas tiverem sintomas e tiverem esta liga\u00e7\u00e3o com a praia <strong>devem recorrer ao servi\u00e7o de sa\u00fade para serem observadas<\/strong>\u201c, aconselha, referindo que o m\u00e9dico ir\u00e1 \u201cperceber se a gravidade da doen\u00e7a torna necess\u00e1rio a toma do antibi\u00f3tico\u201d.<\/p>\n<p>A especialista diz que uma vez que est\u00e1 em causa uma bact\u00e9ria, \u201ch\u00e1 sempre a possibilidade de tratamento com antibi\u00f3tico\u201d. A bact\u00e9ria pode ser identificada \u201catrav\u00e9s de an\u00e1lises \u00e0s fezes e ao sangue\u201d e a sua determina\u00e7\u00e3o \u00e9 muitas vezes importante para se perceber qual deve ser o antibi\u00f3tico correspondente a ser receitado ao doente.<\/p>\n","protected":false},"excerpt":{"rendered":"A m\u00e9dica destaca ainda a possibilidade de algumas pessoas contra\u00edrem meningite, que \u00e9 a \u201cinfe\u00e7\u00e3o do l\u00edquido que&hellip;\n","protected":false},"author":2,"featured_media":19025,"comment_status":"","ping_status":"","sticky":false,"template":"","format":"standard","meta":{"footnotes":""},"categories":[10],"tags":[7071,27,28,442,15,16,14,25,26,294,186,21,22,1208,12,13,19,20,32,80,23,24,33,2946,17,18,29,30,31],"class_list":{"0":"post-19024","1":"post","2":"type-post","3":"status-publish","4":"format-standard","5":"has-post-thumbnail","7":"category-portugal","8":"tag-bactu00e9rias","9":"tag-breaking-news","10":"tag-breakingnews","11":"tag-ciu00eancia","12":"tag-featured-news","13":"tag-featurednews","14":"tag-headlines","15":"tag-latest-news","16":"tag-latestnews","17":"tag-lazer","18":"tag-lifestyle","19":"tag-main-news","20":"tag-mainnews","21":"tag-medicina","22":"tag-news","23":"tag-noticias","24":"tag-noticias-principais","25":"tag-noticiasprincipais","26":"tag-portugal","27":"tag-praia","28":"tag-principais-noticias","29":"tag-principaisnoticias","30":"tag-pt","31":"tag-sau00fade","32":"tag-top-stories","33":"tag-topstories","34":"tag-ultimas","35":"tag-ultimas-noticias","36":"tag-ultimasnoticias"},"share_on_mastodon":{"url":"","error":""},"_links":{"self":[{"href":"https:\/\/www.europesays.com\/pt\/wp-json\/wp\/v2\/posts\/19024","targetHints":{"allow":["GET"]}}],"collection":[{"href":"https:\/\/www.europesays.com\/pt\/wp-json\/wp\/v2\/posts"}],"about":[{"href":"https:\/\/www.europesays.com\/pt\/wp-json\/wp\/v2\/types\/post"}],"author":[{"embeddable":true,"href":"https:\/\/www.europesays.com\/pt\/wp-json\/wp\/v2\/users\/2"}],"replies":[{"embeddable":true,"href":"https:\/\/www.europesays.com\/pt\/wp-json\/wp\/v2\/comments?post=19024"}],"version-history":[{"count":0,"href":"https:\/\/www.europesays.com\/pt\/wp-json\/wp\/v2\/posts\/19024\/revisions"}],"wp:featuredmedia":[{"embeddable":true,"href":"https:\/\/www.europesays.com\/pt\/wp-json\/wp\/v2\/media\/19025"}],"wp:attachment":[{"href":"https:\/\/www.europesays.com\/pt\/wp-json\/wp\/v2\/media?parent=19024"}],"wp:term":[{"taxonomy":"category","embeddable":true,"href":"https:\/\/www.europesays.com\/pt\/wp-json\/wp\/v2\/categories?post=19024"},{"taxonomy":"post_tag","embeddable":true,"href":"https:\/\/www.europesays.com\/pt\/wp-json\/wp\/v2\/tags?post=19024"}],"curies":[{"name":"wp","href":"https:\/\/api.w.org\/{rel}","templated":true}]}}