{"id":190257,"date":"2025-12-16T05:09:12","date_gmt":"2025-12-16T05:09:12","guid":{"rendered":"https:\/\/www.europesays.com\/pt\/190257\/"},"modified":"2025-12-16T05:09:12","modified_gmt":"2025-12-16T05:09:12","slug":"subiu-a-temperatura-pedro-e-marisa-trocam-beijos-apaixonados-no-quarto-secret-story","status":"publish","type":"post","link":"https:\/\/www.europesays.com\/pt\/190257\/","title":{"rendered":"Subiu a temperatura! Pedro e Marisa trocam beijos apaixonados no quarto &#8211; Secret Story"},"content":{"rendered":"<p>No Secret Story, agora que os segredos j\u00e1 foram descobertos, Pedro e Marisa j\u00e1 n\u00e3o escondem o amor e trocam beijos quentes no quarto.<\/p>\n<p>Tudo isto aconteceu ap\u00f3s uma gala intensa, marcada pela <strong>revela\u00e7\u00e3o do segredo de Marisa e<\/strong>, tamb\u00e9m pela <strong>expuls\u00e3o de Ana<\/strong>. Num duelo contra In\u00eas e Liliana, Ana foi a menos votada, com apenas 22% dos votos para salvar. Esta segunda-feira, no Especial da noite, com Cristina Ferreira, ficaremos a conhecer o novo leque de nomeados da pr\u00f3xima semana. <a href=\"https:\/\/tvi.iol.pt\/secretstory\/aominuto\" rel=\"nofollow noopener\" target=\"_blank\">Acompanhe aqui tudo o que se passa na casa mais vigiada do pa\u00eds.<\/a><\/p>\n","protected":false},"excerpt":{"rendered":"No Secret Story, agora que os segredos j\u00e1 foram descobertos, Pedro e Marisa j\u00e1 n\u00e3o escondem o amor&hellip;\n","protected":false},"author":2,"featured_media":190258,"comment_status":"","ping_status":"","sticky":false,"template":"","format":"standard","meta":{"footnotes":""},"categories":[142],"tags":[114,115,19033,19034,32,33,151,19032],"class_list":{"0":"post-190257","1":"post","2":"type-post","3":"status-publish","4":"format-standard","5":"has-post-thumbnail","7":"category-tv","8":"tag-entertainment","9":"tag-entretenimento","10":"tag-galas-em-video","11":"tag-melhores-momentos-casa-dos-segredos","12":"tag-portugal","13":"tag-pt","14":"tag-tv","15":"tag-videos-secret-story-tvi"},"share_on_mastodon":{"url":"https:\/\/pubeurope.com\/@pt\/115727523017674033","error":""},"_links":{"self":[{"href":"https:\/\/www.europesays.com\/pt\/wp-json\/wp\/v2\/posts\/190257","targetHints":{"allow":["GET"]}}],"collection":[{"href":"https:\/\/www.europesays.com\/pt\/wp-json\/wp\/v2\/posts"}],"about":[{"href":"https:\/\/www.europesays.com\/pt\/wp-json\/wp\/v2\/types\/post"}],"author":[{"embeddable":true,"href":"https:\/\/www.europesays.com\/pt\/wp-json\/wp\/v2\/users\/2"}],"replies":[{"embeddable":true,"href":"https:\/\/www.europesays.com\/pt\/wp-json\/wp\/v2\/comments?post=190257"}],"version-history":[{"count":0,"href":"https:\/\/www.europesays.com\/pt\/wp-json\/wp\/v2\/posts\/190257\/revisions"}],"wp:featuredmedia":[{"embeddable":true,"href":"https:\/\/www.europesays.com\/pt\/wp-json\/wp\/v2\/media\/190258"}],"wp:attachment":[{"href":"https:\/\/www.europesays.com\/pt\/wp-json\/wp\/v2\/media?parent=190257"}],"wp:term":[{"taxonomy":"category","embeddable":true,"href":"https:\/\/www.europesays.com\/pt\/wp-json\/wp\/v2\/categories?post=190257"},{"taxonomy":"post_tag","embeddable":true,"href":"https:\/\/www.europesays.com\/pt\/wp-json\/wp\/v2\/tags?post=190257"}],"curies":[{"name":"wp","href":"https:\/\/api.w.org\/{rel}","templated":true}]}}