{"id":190269,"date":"2025-12-16T05:44:08","date_gmt":"2025-12-16T05:44:08","guid":{"rendered":"https:\/\/www.europesays.com\/pt\/190269\/"},"modified":"2025-12-16T05:44:08","modified_gmt":"2025-12-16T05:44:08","slug":"virginia-fonseca-compartilha-primeiras-fotos-no-aniversario-de-margareth-serrao-fotos","status":"publish","type":"post","link":"https:\/\/www.europesays.com\/pt\/190269\/","title":{"rendered":"Virginia Fonseca compartilha primeiras fotos no anivers\u00e1rio de Margareth Serr\u00e3o; fotos"},"content":{"rendered":"<p><a href=\"https:\/\/caras.com.br\/tags\/margareth-serrao\" rel=\"nofollow noopener\" target=\"_blank\"><strong>Margareth Serr\u00e3o<\/strong><\/a> completou 60 anos no \u00faltimo s\u00e1bado, 13, e reservou esta segunda-feira, 15, para celebrar a data em Goi\u00e2nia ao lado da fam\u00edlia e de amigos. A comemora\u00e7\u00e3o marca um momento especial para a m\u00e3e de <strong><a href=\"https:\/\/caras.com.br\/tags\/virginia-fonseca\" rel=\"nofollow noopener\" target=\"_blank\">Virginia Fonseca<\/a>,<\/strong> que recebeu homenagens p\u00fablicas e reuniu pessoas importantes.<\/p>\n<p>A festa acontece em uma casa de eventos da capital goiana e tem como tema o \u201cCruzeiro da Marga\u201d, refer\u00eancia direta ao gosto da aniversariante por viagens. A ambienta\u00e7\u00e3o traz elementos n\u00e1uticos, com decora\u00e7\u00e3o inspirada em navios e detalhes personalizados que refor\u00e7am o conceito escolhido para a noite.<\/p>\n<p>Para a ocasi\u00e3o, Margareth escolheu um conjunto branco composto por blazer e saia com fenda, enquanto Virginia apostou em um vestido bord\u00f4 inteiramente rendado. Os netos tamb\u00e9m marcaram presen\u00e7a e apareceram em registros compartilhados pela influenciadora nas redes sociais. <strong>Jos\u00e9 Leonardo,<\/strong> de 1 ano, usa um conjunto social grafite, enquanto as meninas, <strong>Maria<\/strong>\u00a0<strong>Alice,<\/strong> de 4 anos, e <strong>Maria Flor,<\/strong> de 3, usam vestidos brancos rendados, com uma bolsa no mesmo tom do vestido da m\u00e3e.<\/p>\n<blockquote class=\"instagram-media\" style=\"background: #FFF; border: 0; border-radius: 3px; box-shadow: 0 0 1px 0 rgba(0,0,0,0.5),0 1px 10px 0 rgba(0,0,0,0.15); margin: 1px; max-width: 540px; min-width: 326px; padding: 0; width: calc(100% - 2px);\" data-instgrm-captioned=\"\" data-instgrm-permalink=\"https:\/\/www.instagram.com\/p\/DSTXfv1DHq-\/?utm_source=ig_embed&amp;utm_campaign=loading\" data-instgrm-version=\"14\"><\/blockquote>\n<p>\t Pronunciamento de Poliana Rocha sobre a festa de Margareth Serr\u00e3o <\/p>\n<p>Entre os convidados esteve <strong>Poliana Rocha,<\/strong> m\u00e3e de Z\u00e9 Felipe e ex-sogra de Virginia, que confirmou presen\u00e7a mesmo ap\u00f3s a separa\u00e7\u00e3o do casal, anunciada em maio deste ano. Antes da festa, Poliana explicou publicamente que a decis\u00e3o de comparecer estava ligada \u00e0 rela\u00e7\u00e3o constru\u00edda diretamente com Margareth ao longo dos anos.<\/p>\n<p>Segundo ela, a amizade entre as duas foi desenvolvida de forma independente das rela\u00e7\u00f5es familiares. Poliana relembrou que, quando Margareth se mudou para Goi\u00e2nia, abriu sua casa para acolh\u00ea-la e que, desde ent\u00e3o, manteve uma conviv\u00eancia marcada por lealdade e afinidade.<\/p>\n<p>Ainda em suas declara\u00e7\u00f5es, Poliana afirmou que fez quest\u00e3o de estar presente na comemora\u00e7\u00e3o com maturidade e carinho, destacando que o v\u00ednculo entre elas permanece mesmo diante das mudan\u00e7as familiares recentes.<\/p>\n<p>Leia tamb\u00e9m: <a href=\"https:\/\/caras.com.br\/datas-especiais\/mae-de-virginia-recebe-mensagem-romantica-de-namorado-durante-seu-aniversario.phtml\" rel=\"nofollow noopener\" target=\"_blank\">M\u00e3e de Virginia recebe mensagem rom\u00e2ntica de namorado durante seu anivers\u00e1rio<\/a><\/p>\n<p>        <a href=\"https:\/\/caras.com.br\/autor\/izabella-nicolau\" rel=\"nofollow noopener\" target=\"_blank\">&#13;<br \/>\n          <img loading=\"lazy\" decoding=\"async\" alt=\"Izabella Nicolau\" src=\"https:\/\/www.europesays.com\/pt\/wp-content\/uploads\/2025\/10\/1761546134_794_whatsapp_image_2025-08-12_at_15.10.50_1_sqmd.jpeg\" class=\"avatar avatar-115 photo rounded-circle\" height=\"115\" width=\"115\"\/>        <\/a><\/p>\n<p><strong>Izabella Nicolau<\/strong> \u00e9 rep\u00f3rter de conte\u00fado do site CARAS. Formada em jornalismo, j\u00e1 passou por sites como Observat\u00f3rio do Cinema e Ultraverso. Escreve sobre cultura, entretenimento e celebridades.<\/p>\n<p>\t                                            <script async src=\"\/\/www.instagram.com\/embed.js\"><\/script><\/p>\n","protected":false},"excerpt":{"rendered":"Margareth Serr\u00e3o completou 60 anos no \u00faltimo s\u00e1bado, 13, e reservou esta segunda-feira, 15, para celebrar a data&hellip;\n","protected":false},"author":2,"featured_media":190270,"comment_status":"","ping_status":"","sticky":false,"template":"","format":"standard","meta":{"footnotes":""},"categories":[145],"tags":[211,210,114,115,9734,10284,32,33,1446],"class_list":{"0":"post-190269","1":"post","2":"type-post","3":"status-publish","4":"format-standard","5":"has-post-thumbnail","7":"category-celebridades","8":"tag-celebridades","9":"tag-celebrities","10":"tag-entertainment","11":"tag-entretenimento","12":"tag-festa-de-aniversario","13":"tag-margareth-serrao","14":"tag-portugal","15":"tag-pt","16":"tag-virginia-fonseca"},"share_on_mastodon":{"url":"https:\/\/pubeurope.com\/@pt\/115727661038062404","error":""},"_links":{"self":[{"href":"https:\/\/www.europesays.com\/pt\/wp-json\/wp\/v2\/posts\/190269","targetHints":{"allow":["GET"]}}],"collection":[{"href":"https:\/\/www.europesays.com\/pt\/wp-json\/wp\/v2\/posts"}],"about":[{"href":"https:\/\/www.europesays.com\/pt\/wp-json\/wp\/v2\/types\/post"}],"author":[{"embeddable":true,"href":"https:\/\/www.europesays.com\/pt\/wp-json\/wp\/v2\/users\/2"}],"replies":[{"embeddable":true,"href":"https:\/\/www.europesays.com\/pt\/wp-json\/wp\/v2\/comments?post=190269"}],"version-history":[{"count":0,"href":"https:\/\/www.europesays.com\/pt\/wp-json\/wp\/v2\/posts\/190269\/revisions"}],"wp:featuredmedia":[{"embeddable":true,"href":"https:\/\/www.europesays.com\/pt\/wp-json\/wp\/v2\/media\/190270"}],"wp:attachment":[{"href":"https:\/\/www.europesays.com\/pt\/wp-json\/wp\/v2\/media?parent=190269"}],"wp:term":[{"taxonomy":"category","embeddable":true,"href":"https:\/\/www.europesays.com\/pt\/wp-json\/wp\/v2\/categories?post=190269"},{"taxonomy":"post_tag","embeddable":true,"href":"https:\/\/www.europesays.com\/pt\/wp-json\/wp\/v2\/tags?post=190269"}],"curies":[{"name":"wp","href":"https:\/\/api.w.org\/{rel}","templated":true}]}}