{"id":190279,"date":"2025-12-16T06:24:19","date_gmt":"2025-12-16T06:24:19","guid":{"rendered":"https:\/\/www.europesays.com\/pt\/190279\/"},"modified":"2025-12-16T06:24:19","modified_gmt":"2025-12-16T06:24:19","slug":"oficial-nuno-silva-e-o-novo-treinador-do-vizela","status":"publish","type":"post","link":"https:\/\/www.europesays.com\/pt\/190279\/","title":{"rendered":"OFICIAL: Nuno Silva \u00e9 o novo treinador do Vizela"},"content":{"rendered":"<p>Nuno Silva foi oficializado, esta segunda-feira, como treinador do Vizela.<\/p>\n<p>Atrav\u00e9s de um comunicado, o atual 14.\u00ba classificado da II Liga anunciou a chegada do t\u00e9cnico de 38 anos, que fica com um contrato v\u00e1lido at\u00e9 ao fim da temporada, com mais uma de op\u00e7\u00e3o.<\/p>\n<p>O percurso come\u00e7ou no Ericeirense, durante duas \u00e9pocas, tendo passado tamb\u00e9m pelo P\u00earo Pinheiro e pelas equipas t\u00e9cnicas de Mafra e Estoril. Destaque para os dois anos no Nacional, enquanto adjunto, j\u00e1 que o clube conseguiu voltar ao principal escal\u00e3o do futebol portugu\u00eas.\u00a0<\/p>\n<p>Esta \u00e9 a primeira aventura de Nuno Silva enquanto treinador principal, sucedendo assim a Ricardo Sousa.<\/p>\n<p><strong>Veja aqui o v\u00eddeo de apresenta\u00e7\u00e3o do t\u00e9cnico:<\/strong><\/p>\n","protected":false},"excerpt":{"rendered":"Nuno Silva foi oficializado, esta segunda-feira, como treinador do Vizela. Atrav\u00e9s de um comunicado, o atual 14.\u00ba classificado&hellip;\n","protected":false},"author":2,"featured_media":190280,"comment_status":"","ping_status":"","sticky":false,"template":"","format":"standard","meta":{"footnotes":""},"categories":[87],"tags":[135,5919,46,40,42,41,32520,729,32,33,47,134,35,2710,27139],"class_list":{"0":"post-190279","1":"post","2":"type-post","3":"status-publish","4":"format-standard","5":"has-post-thumbnail","7":"category-desporto","8":"tag-desporto","9":"tag-ii-liga","10":"tag-maisfutebol","11":"tag-maistransferencias","12":"tag-mercado","13":"tag-mercado-de-transferencias","14":"tag-nuno-silva","15":"tag-oficial","16":"tag-portugal","17":"tag-pt","18":"tag-pura-paixao","19":"tag-sports","20":"tag-transferencias","21":"tag-treinador","22":"tag-vizela"},"share_on_mastodon":{"url":"https:\/\/pubeurope.com\/@pt\/115727817997447056","error":""},"_links":{"self":[{"href":"https:\/\/www.europesays.com\/pt\/wp-json\/wp\/v2\/posts\/190279","targetHints":{"allow":["GET"]}}],"collection":[{"href":"https:\/\/www.europesays.com\/pt\/wp-json\/wp\/v2\/posts"}],"about":[{"href":"https:\/\/www.europesays.com\/pt\/wp-json\/wp\/v2\/types\/post"}],"author":[{"embeddable":true,"href":"https:\/\/www.europesays.com\/pt\/wp-json\/wp\/v2\/users\/2"}],"replies":[{"embeddable":true,"href":"https:\/\/www.europesays.com\/pt\/wp-json\/wp\/v2\/comments?post=190279"}],"version-history":[{"count":0,"href":"https:\/\/www.europesays.com\/pt\/wp-json\/wp\/v2\/posts\/190279\/revisions"}],"wp:featuredmedia":[{"embeddable":true,"href":"https:\/\/www.europesays.com\/pt\/wp-json\/wp\/v2\/media\/190280"}],"wp:attachment":[{"href":"https:\/\/www.europesays.com\/pt\/wp-json\/wp\/v2\/media?parent=190279"}],"wp:term":[{"taxonomy":"category","embeddable":true,"href":"https:\/\/www.europesays.com\/pt\/wp-json\/wp\/v2\/categories?post=190279"},{"taxonomy":"post_tag","embeddable":true,"href":"https:\/\/www.europesays.com\/pt\/wp-json\/wp\/v2\/tags?post=190279"}],"curies":[{"name":"wp","href":"https:\/\/api.w.org\/{rel}","templated":true}]}}