{"id":190289,"date":"2025-12-16T06:43:08","date_gmt":"2025-12-16T06:43:08","guid":{"rendered":"https:\/\/www.europesays.com\/pt\/190289\/"},"modified":"2025-12-16T06:43:08","modified_gmt":"2025-12-16T06:43:08","slug":"porque-muitas-perturbacoes-de-saude-mental-podem-ser-mais-parecidas-do-que-se-pensava","status":"publish","type":"post","link":"https:\/\/www.europesays.com\/pt\/190289\/","title":{"rendered":"Porque muitas perturba\u00e7\u00f5es de sa\u00fade mental podem ser mais parecidas do que se pensava"},"content":{"rendered":"<p>Perturba\u00e7\u00f5es de sa\u00fade mental distintas podem ter muito mais em comum ao n\u00edvel biol\u00f3gico do que os cientistas supunham, indica um novo grande estudo gen\u00e9tico.<\/p>\n<p>Investigadores da Universidade do Colorado Boulder e da Mass General Brigham, nos Estados Unidos, afirmam que as conclus\u00f5es do estudo poder\u00e3o vir a melhorar a forma como as perturba\u00e7\u00f5es de sa\u00fade mental s\u00e3o diagnosticadas e tratadas, sobretudo para quem vive com mais do que um diagn\u00f3stico.<\/p>\n<p>Foram analisadas amostras de ADN de mais de seis milh\u00f5es de pessoas, entre as quais mais de um milh\u00e3o com diagn\u00f3stico de, pelo menos, uma perturba\u00e7\u00e3o de sa\u00fade mental. Segundo a Organiza\u00e7\u00e3o Mundial da Sa\u00fade, mais de mil milh\u00f5es de pessoas vivem com perturba\u00e7\u00f5es desta natureza.<\/p>\n<p>\u201cNeste momento, diagnosticamos perturba\u00e7\u00f5es psiqui\u00e1tricas com base no que observamos em consulta, e muitas pessoas recebem m\u00faltiplos diagn\u00f3sticos. Isso torna o tratamento mais dif\u00edcil e \u00e9 desanimador para os doentes\u201d, afirmou Andrew Grotzinger, professor assistente de psicologia e neuroci\u00eancia na Universidade do Colorado Boulder e autor correspondente do estudo.<\/p>\n<p>A equipa estudou 14 perturba\u00e7\u00f5es psiqui\u00e1tricas e concluiu que a maioria das diferen\u00e7as gen\u00e9ticas entre pessoas com e sem estas perturba\u00e7\u00f5es pode ser explicada por apenas cinco padr\u00f5es gen\u00e9ticos amplos. Estes padr\u00f5es estavam ligados a 238 variantes gen\u00e9ticas que influenciam o desenvolvimento e o funcionamento do c\u00e9rebro. Com base nas caracter\u00edsticas gen\u00e9ticas partilhadas, os investigadores agruparam as perturba\u00e7\u00f5es em cinco categorias.<\/p>\n<p>Um grupo inclu\u00eda perturba\u00e7\u00f5es com tra\u00e7os compulsivos, como anorexia nervosa, s\u00edndrome de Tourette e perturba\u00e7\u00e3o obsessivo-compulsiva.<\/p>\n<p>Outro abrangeu perturba\u00e7\u00f5es internalizantes, como depress\u00e3o, ansiedade e perturba\u00e7\u00e3o de stress p\u00f3s-traum\u00e1tico. Um terceiro focou-se nas perturba\u00e7\u00f5es por consumo de subst\u00e2ncias, enquanto um quarto incluiu perturba\u00e7\u00f5es do neurodesenvolvimento, como o autismo e a perturba\u00e7\u00e3o de hiperatividade e d\u00e9fice de aten\u00e7\u00e3o.<\/p>\n<p>A perturba\u00e7\u00e3o bipolar e a esquizofrenia formaram um quinto grupo. O estudo concluiu que cerca de 70 por cento do sinal gen\u00e9tico associado \u00e0 esquizofrenia tamb\u00e9m estava associado \u00e0 perturba\u00e7\u00e3o bipolar.<\/p>\n<p>Estas duas perturba\u00e7\u00f5es t\u00eam sido tradicionalmente vistas como muito diferentes, e os cl\u00ednicos raramente diagnosticam ambas na mesma pessoa.<\/p>\n<p>\u201cGeneticamente, verific\u00e1mos que s\u00e3o mais semelhantes do que distintas\u201d, disse Grotzinger.<\/p>\n<p>O que isto pode significar para os doentes<\/p>\n<p>Os resultados, publicados na revista <a href=\"https:\/\/www.nature.com\/articles\/s41586-025-09820-3\" target=\"_blank\" rel=\"noreferrer nofollow noopener\">Nature<\/a>, desafiam a ideia de longa data de que as perturba\u00e7\u00f5es de sa\u00fade mental s\u00e3o, em grande medida, doen\u00e7as separadas. Em vez disso, o estudo sugere que muitas s\u00e3o impulsionadas por processos biol\u00f3gicos comuns.<\/p>\n<p>Ainda assim, os investigadores dizem que \u00e9 cedo para alterar a forma como as perturba\u00e7\u00f5es s\u00e3o diagnosticadas.<\/p>\n<p>A equipa espera que as conclus\u00f5es informem futuras atualiza\u00e7\u00f5es do Manual de Diagn\u00f3stico e Estat\u00edstica das Perturba\u00e7\u00f5es Mentais (DSM), utilizado por profissionais de sa\u00fade mental em todo o mundo.<\/p>\n<p>\u201cEste trabalho fornece a melhor evid\u00eancia at\u00e9 \u00e0 data de que pode haver situa\u00e7\u00f5es a que estamos a dar nomes diferentes, mas que s\u00e3o, na realidade, impulsionadas pelos mesmos processos biol\u00f3gicos\u201d, afirmou Grotzinger.<\/p>\n<p>\u201cAo identificarmos o que \u00e9 partilhado entre estas perturba\u00e7\u00f5es, poderemos idealmente delinear estrat\u00e9gias para as tratar de forma diferente, sem exigir quatro comprimidos distintos ou quatro interven\u00e7\u00f5es de psicoterapia separadas\u201d, acrescentou.<\/p>\n<p>O estudo tamb\u00e9m destacou vias biol\u00f3gicas espec\u00edficas associadas a diferentes grupos de perturba\u00e7\u00f5es. Por exemplo, genes que afetam os neur\u00f3nios excitat\u00f3rios, respons\u00e1veis por transmitir sinais no c\u00e9rebro, estavam mais ativos em pessoas com perturba\u00e7\u00e3o bipolar e esquizofrenia.<\/p>\n<p>Em perturba\u00e7\u00f5es como a depress\u00e3o e a ansiedade, variantes gen\u00e9ticas ligadas aos oligodendr\u00f3citos eram mais comuns. Estas c\u00e9lulas especializadas ajudam a manter e proteger as liga\u00e7\u00f5es do c\u00e9rebro.<\/p>\n<p>Alguns fatores gen\u00e9ticos partilhados parecem influenciar o desenvolvimento do c\u00e9rebro muito cedo, ainda antes do nascimento, enquanto outros podem ter maior peso mais tarde, na idade adulta.<\/p>\n<p>Isto pode ajudar a explicar porque \u00e9 que as perturba\u00e7\u00f5es de sa\u00fade mental frequentemente se sobrep\u00f5em.<\/p>\n<p><a href=\"https:\/\/pubmed.ncbi.nlm.nih.gov\/29621902\/\" target=\"_blank\" rel=\"noreferrer nofollow noopener\">Uma revis\u00e3o de 2018<\/a> concluiu que mais de metade das pessoas diagnosticadas com uma perturba\u00e7\u00e3o psiqui\u00e1trica acaba por receber pelo menos mais um diagn\u00f3stico, e cerca de 41 por cento preenchem crit\u00e9rios para quatro ou mais ao longo da vida.<\/p>\n","protected":false},"excerpt":{"rendered":"Perturba\u00e7\u00f5es de sa\u00fade mental distintas podem ter muito mais em comum ao n\u00edvel biol\u00f3gico do que os cientistas&hellip;\n","protected":false},"author":2,"featured_media":190290,"comment_status":"","ping_status":"","sticky":false,"template":"","format":"standard","meta":{"footnotes":""},"categories":[86],"tags":[2556,2217,116,12545,32,33,117,1030],"class_list":{"0":"post-190289","1":"post","2":"type-post","3":"status-publish","4":"format-standard","5":"has-post-thumbnail","7":"category-saude","8":"tag-dna","9":"tag-genetica","10":"tag-health","11":"tag-organizacao-mundial-de-saude","12":"tag-portugal","13":"tag-pt","14":"tag-saude","15":"tag-saude-mental"},"share_on_mastodon":{"url":"https:\/\/pubeurope.com\/@pt\/115727892699067024","error":""},"_links":{"self":[{"href":"https:\/\/www.europesays.com\/pt\/wp-json\/wp\/v2\/posts\/190289","targetHints":{"allow":["GET"]}}],"collection":[{"href":"https:\/\/www.europesays.com\/pt\/wp-json\/wp\/v2\/posts"}],"about":[{"href":"https:\/\/www.europesays.com\/pt\/wp-json\/wp\/v2\/types\/post"}],"author":[{"embeddable":true,"href":"https:\/\/www.europesays.com\/pt\/wp-json\/wp\/v2\/users\/2"}],"replies":[{"embeddable":true,"href":"https:\/\/www.europesays.com\/pt\/wp-json\/wp\/v2\/comments?post=190289"}],"version-history":[{"count":0,"href":"https:\/\/www.europesays.com\/pt\/wp-json\/wp\/v2\/posts\/190289\/revisions"}],"wp:featuredmedia":[{"embeddable":true,"href":"https:\/\/www.europesays.com\/pt\/wp-json\/wp\/v2\/media\/190290"}],"wp:attachment":[{"href":"https:\/\/www.europesays.com\/pt\/wp-json\/wp\/v2\/media?parent=190289"}],"wp:term":[{"taxonomy":"category","embeddable":true,"href":"https:\/\/www.europesays.com\/pt\/wp-json\/wp\/v2\/categories?post=190289"},{"taxonomy":"post_tag","embeddable":true,"href":"https:\/\/www.europesays.com\/pt\/wp-json\/wp\/v2\/tags?post=190289"}],"curies":[{"name":"wp","href":"https:\/\/api.w.org\/{rel}","templated":true}]}}