{"id":190297,"date":"2025-12-16T07:16:35","date_gmt":"2025-12-16T07:16:35","guid":{"rendered":"https:\/\/www.europesays.com\/pt\/190297\/"},"modified":"2025-12-16T07:16:35","modified_gmt":"2025-12-16T07:16:35","slug":"benfica-conta-com-grande-novidade-na-frente-de-ataque-para-a-partida-com-o-moreirense","status":"publish","type":"post","link":"https:\/\/www.europesays.com\/pt\/190297\/","title":{"rendered":"Benfica conta com grande novidade na frente de ataque para a partida com o Moreirense"},"content":{"rendered":"<p>&#8211; Advertisement &#8211;<\/p>\n<p><strong>Henrique Ara\u00fajo faz parte das op\u00e7\u00f5es do Benfica para o encontro frente ao Moreirense, em jogo da 14.\u00aa jornada da Primeira Liga.<\/strong><\/p>\n<p>Henrique Ara\u00fajo faz parte das op\u00e7\u00f5es do Benfica para a partida contra o Moreirense, v\u00e1lida pela 14.\u00aa jornada da Primeira Liga. O avan\u00e7ado tinha ficado fora das op\u00e7\u00f5es para Jos\u00e9 Mourinho nos \u00faltimos tr\u00eas desafios, j\u00e1 que estava a contas com uma mialgia na coxa direita.<\/p>\n<p>O jogador \u00e9 o terceiro na hierarquia dos pontas de lan\u00e7a, atr\u00e1s de Vangelis Pavlidis e de Franjo Ivanovic. Henrique Ara\u00fajo leva esta \u00e9poca 11 encontros pelo Benfica, sem qualquer golo marcado. <a href=\"https:\/\/bolanarede.pt\/especial-bola-na-rede\/atualidade\/benfica-prepara-mudancas-no-plantel-avancado-com-via-aberta-de-saida\/\" target=\"_blank\" rel=\"noreferrer noopener nofollow\">O atleta pode sair da Luz em janeiro<\/a>, devido \u00e0 falta de minutos.<\/p>\n<p>Quem tamb\u00e9m viajou para o norte do pa\u00eds <a href=\"https:\/\/bolanarede.pt\/especial-bola-na-rede\/atualidade\/jose-neto-e-tiago-freitas-recordam-estreia-pelo-benfica-jose-mourinho-virou-se-e-disse-vai-mostrar-os-esquemas-taticos-ao-freitas\/\" target=\"_blank\" rel=\"noreferrer noopener nofollow\">foram os jovens Jos\u00e9 Neto e Tiago Freitas<\/a>, que podem estrear-se na Primeira Liga.<\/p>\n","protected":false},"excerpt":{"rendered":"&#8211; Advertisement &#8211; Henrique Ara\u00fajo faz parte das op\u00e7\u00f5es do Benfica para o encontro frente ao Moreirense, em&hellip;\n","protected":false},"author":2,"featured_media":190298,"comment_status":"","ping_status":"","sticky":false,"template":"","format":"standard","meta":{"footnotes":""},"categories":[87],"tags":[260,51,135,478,35389,32,479,33,134],"class_list":{"0":"post-190297","1":"post","2":"type-post","3":"status-publish","4":"format-standard","5":"has-post-thumbnail","7":"category-desporto","8":"tag-atualidade","9":"tag-benfica","10":"tag-desporto","11":"tag-destaques-bnr","12":"tag-henrique-araujo","13":"tag-portugal","14":"tag-primeira-liga","15":"tag-pt","16":"tag-sports"},"share_on_mastodon":{"url":"https:\/\/pubeurope.com\/@pt\/115728022407053290","error":""},"_links":{"self":[{"href":"https:\/\/www.europesays.com\/pt\/wp-json\/wp\/v2\/posts\/190297","targetHints":{"allow":["GET"]}}],"collection":[{"href":"https:\/\/www.europesays.com\/pt\/wp-json\/wp\/v2\/posts"}],"about":[{"href":"https:\/\/www.europesays.com\/pt\/wp-json\/wp\/v2\/types\/post"}],"author":[{"embeddable":true,"href":"https:\/\/www.europesays.com\/pt\/wp-json\/wp\/v2\/users\/2"}],"replies":[{"embeddable":true,"href":"https:\/\/www.europesays.com\/pt\/wp-json\/wp\/v2\/comments?post=190297"}],"version-history":[{"count":0,"href":"https:\/\/www.europesays.com\/pt\/wp-json\/wp\/v2\/posts\/190297\/revisions"}],"wp:featuredmedia":[{"embeddable":true,"href":"https:\/\/www.europesays.com\/pt\/wp-json\/wp\/v2\/media\/190298"}],"wp:attachment":[{"href":"https:\/\/www.europesays.com\/pt\/wp-json\/wp\/v2\/media?parent=190297"}],"wp:term":[{"taxonomy":"category","embeddable":true,"href":"https:\/\/www.europesays.com\/pt\/wp-json\/wp\/v2\/categories?post=190297"},{"taxonomy":"post_tag","embeddable":true,"href":"https:\/\/www.europesays.com\/pt\/wp-json\/wp\/v2\/tags?post=190297"}],"curies":[{"name":"wp","href":"https:\/\/api.w.org\/{rel}","templated":true}]}}