{"id":190313,"date":"2025-12-16T07:51:09","date_gmt":"2025-12-16T07:51:09","guid":{"rendered":"https:\/\/www.europesays.com\/pt\/190313\/"},"modified":"2025-12-16T07:51:09","modified_gmt":"2025-12-16T07:51:09","slug":"veja-indicacoes-que-vao-alem-da-perda-de-peso","status":"publish","type":"post","link":"https:\/\/www.europesays.com\/pt\/190313\/","title":{"rendered":"veja indica\u00e7\u00f5es que v\u00e3o al\u00e9m da perda de peso"},"content":{"rendered":"\n<p class=\" content-text__container theme-color-primary-first-letter\" data-track-category=\"Link no Texto\" data-track-links=\"\"> A caneta emagrecedora <a class=\"\" href=\"https:\/\/oglobo.globo.com\/tudo-sobre\/assunto\/wegovy\/\" rel=\"nofollow noopener\" target=\"_blank\">Wegovy<\/a> foi aprovada pela Ag\u00eancia Nacional de Vigil\u00e2ncia Sanit\u00e1ria (Anvisa) em sua vers\u00e3o de 2,4 mg para o tratamento de gordura no f\u00edgado (esteatohepatite associada \u00e0 disfun\u00e7\u00e3o metab\u00f3lica ou MASH, da sigla em ingl\u00eas) em adultos com fibrose moderada a avan\u00e7ada, sem cirrose hep\u00e1tica. <\/p>\n<p class=\" content-text__container \" data-track-category=\"Link no Texto\" data-track-links=\"\"> Al\u00e9m do Wegovy, outras canetas emagrecedoras tamb\u00e9m j\u00e1 receberam aprova\u00e7\u00e3o da Anvisa para doen\u00e7as al\u00e9m da obesidade. <\/p>\n<p class=\" content-text__container \" data-track-category=\"Link no Texto\" data-track-links=\"\"> O Ozempic \u00e9 um medicamento que tem como princ\u00edpio ativo a semaglutida, uma forma sint\u00e9tica do horm\u00f4nio GLP-1, o mesmo que est\u00e1 presente no Wegovy. Ele \u00e9 recomendado para tratar diabetes tipo 2. Assim como a caneta injet\u00e1vel Mounjaro, que tem como princ\u00edpio ativo a tirzepatida. <\/p>\n<p class=\" content-text__container \" data-track-category=\"Link no Texto\" data-track-links=\"\"> Neste ano, o Mounjaro tamb\u00e9m passou a ser indicado para o tratamento da apneia obstrutiva do sono, um dist\u00farbio caracterizado por pausas repetidas na respira\u00e7\u00e3o devido ao bloqueio parcial ou total das vias a\u00e9reas superiores durante o sono. No entanto, essa recomenda\u00e7\u00e3o se restringe a pessoas com obesidade. <\/p>\n<p>Poss\u00edvel prote\u00e7\u00e3o contra outras doen\u00e7as<\/p>\n<p class=\" content-text__container \" data-track-category=\"Link no Texto\" data-track-links=\"\"> Al\u00e9m das aprova\u00e7\u00f5es existentes, as canetas est\u00e3o sendo estudadas como possibilidade para tratar outras doen\u00e7as. <\/p>\n<p class=\" content-text__container \" data-track-category=\"Link no Texto\" data-track-links=\"\"> Uma delas \u00e9 o transtorno por uso de \u00e1lcool, mais conhecido como alcoolismo. A semaglutida, princ\u00edpio ativo do Ozempic e do Wegovy, foi associada a uma incid\u00eancia e recorr\u00eancia de casos de transtorno por uso de \u00e1lcool de 50% a 56% menores em novo estudo publicado na revista cient\u00edfica Nature Communications. <\/p>\n<p class=\" content-text__container \" data-track-category=\"Link no Texto\" data-track-links=\"\"> Existem poucas medica\u00e7\u00f5es destinadas ao tratamento do transtorno. Agora, os novos resultados sugerem que a classe de medicamentos da qual a semaglutida faz parte, os an\u00e1logos de GLP-1, pode ser uma nova alternativa. <\/p>\n<p class=\" content-text__container \" data-track-category=\"Link no Texto\" data-track-links=\"\"> Al\u00e9m disso, pesquisadores da Universidade do Estado do Rio de Janeiro (UERJ) investigam os poss\u00edveis benef\u00edcios da tirzepatida, mol\u00e9cula presente no Mounjaro, no tratamento da neuroinflama\u00e7\u00e3o, presente em doen\u00e7as neurodegenerativas, como o Alzheimer. <\/p>\n<p class=\" content-text__container \" data-track-category=\"Link no Texto\" data-track-links=\"\"> A liraglutida, medicamento da mesma classe do Ozempic, por sua vez, j\u00e1 mostrou bons resultados. Em um estudo realizado pelo Imperial College de Londres, ela mostrou uma redu\u00e7\u00e3o no ritmo do encolhimento de partes do c\u00e9rebro que controlam a mem\u00f3ria, o aprendizado, a linguagem e a tomada de decis\u00f5es em quase 50% em pacientes com Alzheimer em est\u00e1gios iniciais. <\/p>\n<p class=\" content-text__container \" data-track-category=\"Link no Texto\" data-track-links=\"\"> Tamb\u00e9m retardou em 18% o decl\u00ednio cognitivo daqueles tratados ao longo de um ano, em compara\u00e7\u00e3o com os que receberam placebo. <\/p>\n","protected":false},"excerpt":{"rendered":"A caneta emagrecedora Wegovy foi aprovada pela Ag\u00eancia Nacional de Vigil\u00e2ncia Sanit\u00e1ria (Anvisa) em sua vers\u00e3o de 2,4&hellip;\n","protected":false},"author":2,"featured_media":190314,"comment_status":"","ping_status":"","sticky":false,"template":"","format":"standard","meta":{"footnotes":""},"categories":[86],"tags":[116,4123,32,33,117,3008],"class_list":{"0":"post-190313","1":"post","2":"type-post","3":"status-publish","4":"format-standard","5":"has-post-thumbnail","7":"category-saude","8":"tag-health","9":"tag-mounjaro","10":"tag-portugal","11":"tag-pt","12":"tag-saude","13":"tag-wegovy"},"share_on_mastodon":{"url":"https:\/\/pubeurope.com\/@pt\/115728160094298760","error":""},"_links":{"self":[{"href":"https:\/\/www.europesays.com\/pt\/wp-json\/wp\/v2\/posts\/190313","targetHints":{"allow":["GET"]}}],"collection":[{"href":"https:\/\/www.europesays.com\/pt\/wp-json\/wp\/v2\/posts"}],"about":[{"href":"https:\/\/www.europesays.com\/pt\/wp-json\/wp\/v2\/types\/post"}],"author":[{"embeddable":true,"href":"https:\/\/www.europesays.com\/pt\/wp-json\/wp\/v2\/users\/2"}],"replies":[{"embeddable":true,"href":"https:\/\/www.europesays.com\/pt\/wp-json\/wp\/v2\/comments?post=190313"}],"version-history":[{"count":0,"href":"https:\/\/www.europesays.com\/pt\/wp-json\/wp\/v2\/posts\/190313\/revisions"}],"wp:featuredmedia":[{"embeddable":true,"href":"https:\/\/www.europesays.com\/pt\/wp-json\/wp\/v2\/media\/190314"}],"wp:attachment":[{"href":"https:\/\/www.europesays.com\/pt\/wp-json\/wp\/v2\/media?parent=190313"}],"wp:term":[{"taxonomy":"category","embeddable":true,"href":"https:\/\/www.europesays.com\/pt\/wp-json\/wp\/v2\/categories?post=190313"},{"taxonomy":"post_tag","embeddable":true,"href":"https:\/\/www.europesays.com\/pt\/wp-json\/wp\/v2\/tags?post=190313"}],"curies":[{"name":"wp","href":"https:\/\/api.w.org\/{rel}","templated":true}]}}