{"id":190319,"date":"2025-12-16T08:10:29","date_gmt":"2025-12-16T08:10:29","guid":{"rendered":"https:\/\/www.europesays.com\/pt\/190319\/"},"modified":"2025-12-16T08:10:29","modified_gmt":"2025-12-16T08:10:29","slug":"doencas-cardiovasculares-custam-282-mil-milhoes-de-euros-observador","status":"publish","type":"post","link":"https:\/\/www.europesays.com\/pt\/190319\/","title":{"rendered":"Doen\u00e7as cardiovasculares custam 282 mil milh\u00f5es de euros \u2013 Observador"},"content":{"rendered":"<p>A Uni\u00e3o Europeia (UE) precisa de combater as doen\u00e7as cardiovasculares (DCV), a principal causa de morte e com um custo estimado em 282 mil milh\u00f5es de euros, segundo um relat\u00f3rio esta segunda-feira publicado e que antecede o Plano Cora\u00e7\u00f5es Seguros.<\/p>\n<p>O relat\u00f3rio <strong>\u201cEstado da Sa\u00fade Cardiovascular na UE\u201d<\/strong> revela que as DCV s\u00e3o a principal causa de morte e incapacidade na UE, sendo respons\u00e1veis por um ter\u00e7o de todas as mortes anuais e afetando mais de 60 milh\u00f5es de pessoas.<\/p>\n<p>Para o executivo comunit\u00e1rio, o relat\u00f3rio justifica a tomada de medidas a n\u00edvel da UE quando identifica, por exemplo, disparidades geogr\u00e1ficas, de g\u00e9nero e socioecon\u00f3micas significativas nos resultados e nos cuidados.<\/p>\n<p>Para al\u00e9m do custo humano, o impacto econ\u00f3mico anual das DCV na Europa est\u00e1 estimado em 282 mil milh\u00f5es de euros (2% do Produto Interno Bruto da UE), impulsionado pela mortalidade prematura, perda de produtividade e elevados custos de sa\u00fade.<\/p>\n<p>Estas conclus\u00f5es, segundo informa\u00e7\u00e3o da Comiss\u00e3o Europeia, sublinham a import\u00e2ncia do pr\u00f3ximo Plano Cora\u00e7\u00f5es Seguros (Safe Hearts Plan),\u00a0o primeiro plano da UE para prevenir e gerir as DCV.<\/p>\n<p>O Plano Cora\u00e7\u00f5es Seguros, segundo a Comiss\u00e3o, fornecer\u00e1 um quadro pol\u00edtico abrangente para apoiar os Estados-membros e as partes interessadas na melhoria da sa\u00fade cardiovascular.<\/p>\n<p>O relat\u00f3rio esta segunda-feira publicado sobre o \u201cEstado da Sa\u00fade Cardiovascular\u201d foi financiado pelo programa UE Pela Sa\u00fade (EU4Health) e resulta de uma colabora\u00e7\u00e3o entre a Organiza\u00e7\u00e3o para a Coopera\u00e7\u00e3o e Desenvolvimento Econ\u00f3mico (OCDE) e a Comiss\u00e3o Europeia para monitorizar e melhorar a sa\u00fade da popula\u00e7\u00e3o.<\/p>\n<p>Os principais fatores de risco das doen\u00e7as cardiovasculares s\u00e3o o consumo de tabaco, \u00e1lcool, gorduras e sal, bem como a tens\u00e3o arterial elevada.<\/p>\n","protected":false},"excerpt":{"rendered":"A Uni\u00e3o Europeia (UE) precisa de combater as doen\u00e7as cardiovasculares (DCV), a principal causa de morte e com&hellip;\n","protected":false},"author":2,"featured_media":190320,"comment_status":"","ping_status":"","sticky":false,"template":"","format":"standard","meta":{"footnotes":""},"categories":[86],"tags":[6727,13605,445,116,62,32,33,2946,117,554],"class_list":{"0":"post-190319","1":"post","2":"type-post","3":"status-publish","4":"format-standard","5":"has-post-thumbnail","7":"category-saude","8":"tag-doenu00e7as","9":"tag-doenu00e7as-cardiovasculares","10":"tag-europa","11":"tag-health","12":"tag-mundo","13":"tag-portugal","14":"tag-pt","15":"tag-sau00fade","16":"tag-saude","17":"tag-uniu00e3o-europeia"},"share_on_mastodon":{"url":"https:\/\/pubeurope.com\/@pt\/115728234851713188","error":""},"_links":{"self":[{"href":"https:\/\/www.europesays.com\/pt\/wp-json\/wp\/v2\/posts\/190319","targetHints":{"allow":["GET"]}}],"collection":[{"href":"https:\/\/www.europesays.com\/pt\/wp-json\/wp\/v2\/posts"}],"about":[{"href":"https:\/\/www.europesays.com\/pt\/wp-json\/wp\/v2\/types\/post"}],"author":[{"embeddable":true,"href":"https:\/\/www.europesays.com\/pt\/wp-json\/wp\/v2\/users\/2"}],"replies":[{"embeddable":true,"href":"https:\/\/www.europesays.com\/pt\/wp-json\/wp\/v2\/comments?post=190319"}],"version-history":[{"count":0,"href":"https:\/\/www.europesays.com\/pt\/wp-json\/wp\/v2\/posts\/190319\/revisions"}],"wp:featuredmedia":[{"embeddable":true,"href":"https:\/\/www.europesays.com\/pt\/wp-json\/wp\/v2\/media\/190320"}],"wp:attachment":[{"href":"https:\/\/www.europesays.com\/pt\/wp-json\/wp\/v2\/media?parent=190319"}],"wp:term":[{"taxonomy":"category","embeddable":true,"href":"https:\/\/www.europesays.com\/pt\/wp-json\/wp\/v2\/categories?post=190319"},{"taxonomy":"post_tag","embeddable":true,"href":"https:\/\/www.europesays.com\/pt\/wp-json\/wp\/v2\/tags?post=190319"}],"curies":[{"name":"wp","href":"https:\/\/api.w.org\/{rel}","templated":true}]}}