{"id":190321,"date":"2025-12-16T08:11:14","date_gmt":"2025-12-16T08:11:14","guid":{"rendered":"https:\/\/www.europesays.com\/pt\/190321\/"},"modified":"2025-12-16T08:11:14","modified_gmt":"2025-12-16T08:11:14","slug":"trump-atribui-morte-do-realizador-rob-reiner-a-raiva-causada-pela-obsessao-contra-si","status":"publish","type":"post","link":"https:\/\/www.europesays.com\/pt\/190321\/","title":{"rendered":"Trump atribui morte do realizador Rob Reiner \u00e0 raiva causada pela obsess\u00e3o contra si"},"content":{"rendered":"\n<p>Don Bacon, um congressista republicano que n\u00e3o se recandidata em 2026, disse \u00e0 CNN que esperava &#8220;ouvir algo assim de um b\u00eabado num bar, n\u00e3o do Presidente dos Estados Unidos&#8221;.<\/p>\n<p>Ainda assim, poucos l\u00edderes conservadores se atreveram a opor-se diretamente ao residente da Casa Branca.<\/p>\n<p><strong>&#8220;Imagino que os meus colegas republicanos eleitos, o vice-presidente e a equipa da Casa Branca simplesmente ignorar\u00e3o [a mensagem] porque est\u00e3o com medo? Desafio qualquer pessoa a defender&#8221;<\/strong> estas declara\u00e7\u00f5es, vincou Thomas Massie na sua publica\u00e7\u00e3o no X.<\/p>\n<p>Alguns utilizadores elogiaram a publica\u00e7\u00e3o de Donald Trump no Truth Social, enquanto outros expressaram a sua dece\u00e7\u00e3o.<\/p>\n<p>Para alguns comentadores conservadores, o Presidente perdeu a oportunidade de permanecer em sil\u00eancio.<\/p>\n<p>Descrevendo a mensagem como &#8220;t\u00e3o dececionante&#8221; e &#8220;t\u00e3o desnecess\u00e1ria&#8221;, o ex-jornalista desportivo Sage Steele, agora &#8216;podcaster&#8217; conservador, afirmou que <strong>&#8220;s\u00e3o coment\u00e1rios como estes que minam as in\u00fameras coisas boas que Donald Trump est\u00e1 a fazer pela Am\u00e9rica&#8221;<\/strong>.<\/p>\n","protected":false},"excerpt":{"rendered":"Don Bacon, um congressista republicano que n\u00e3o se recandidata em 2026, disse \u00e0 CNN que esperava &#8220;ouvir algo&hellip;\n","protected":false},"author":2,"featured_media":190322,"comment_status":"","ping_status":"","sticky":false,"template":"","format":"standard","meta":{"footnotes":""},"categories":[85],"tags":[92,114,115,235,32,33,38192],"class_list":{"0":"post-190321","1":"post","2":"type-post","3":"status-publish","4":"format-standard","5":"has-post-thumbnail","7":"category-entretenimento","8":"tag-donald-trump","9":"tag-entertainment","10":"tag-entretenimento","11":"tag-estados-unidos","12":"tag-portugal","13":"tag-pt","14":"tag-rob-reiner"},"share_on_mastodon":{"url":"https:\/\/pubeurope.com\/@pt\/115728238820582440","error":""},"_links":{"self":[{"href":"https:\/\/www.europesays.com\/pt\/wp-json\/wp\/v2\/posts\/190321","targetHints":{"allow":["GET"]}}],"collection":[{"href":"https:\/\/www.europesays.com\/pt\/wp-json\/wp\/v2\/posts"}],"about":[{"href":"https:\/\/www.europesays.com\/pt\/wp-json\/wp\/v2\/types\/post"}],"author":[{"embeddable":true,"href":"https:\/\/www.europesays.com\/pt\/wp-json\/wp\/v2\/users\/2"}],"replies":[{"embeddable":true,"href":"https:\/\/www.europesays.com\/pt\/wp-json\/wp\/v2\/comments?post=190321"}],"version-history":[{"count":0,"href":"https:\/\/www.europesays.com\/pt\/wp-json\/wp\/v2\/posts\/190321\/revisions"}],"wp:featuredmedia":[{"embeddable":true,"href":"https:\/\/www.europesays.com\/pt\/wp-json\/wp\/v2\/media\/190322"}],"wp:attachment":[{"href":"https:\/\/www.europesays.com\/pt\/wp-json\/wp\/v2\/media?parent=190321"}],"wp:term":[{"taxonomy":"category","embeddable":true,"href":"https:\/\/www.europesays.com\/pt\/wp-json\/wp\/v2\/categories?post=190321"},{"taxonomy":"post_tag","embeddable":true,"href":"https:\/\/www.europesays.com\/pt\/wp-json\/wp\/v2\/tags?post=190321"}],"curies":[{"name":"wp","href":"https:\/\/api.w.org\/{rel}","templated":true}]}}