{"id":190325,"date":"2025-12-16T08:13:13","date_gmt":"2025-12-16T08:13:13","guid":{"rendered":"https:\/\/www.europesays.com\/pt\/190325\/"},"modified":"2025-12-16T08:13:13","modified_gmt":"2025-12-16T08:13:13","slug":"a-byd-mostra-motor-eletrico-de-nova-geracao-e-expoe-o-atraso-europeu","status":"publish","type":"post","link":"https:\/\/www.europesays.com\/pt\/190325\/","title":{"rendered":"a BYD mostra motor el\u00e9trico de nova gera\u00e7\u00e3o e exp\u00f5e o atraso europeu"},"content":{"rendered":"<p>A BYD voltou a subir a fasquia no desenvolvimento de ve\u00edculos el\u00e9tricos. A marca chinesa revelou um novo motor el\u00e9trico mais compacto, potente e tecnologicamente avan\u00e7ado. Novo salto na revolu\u00e7\u00e3o do mercado autom\u00f3vel.<\/p>\n<p><a target=\"_blank\" href=\"https:\/\/pplware.sapo.pt\/wp-content\/uploads\/2025\/12\/motor_byd00.webp\" rel=\"nofollow noopener\"><img fetchpriority=\"high\" decoding=\"async\" src=\"https:\/\/www.europesays.com\/pt\/wp-content\/uploads\/2025\/12\/motor_byd00-720x405.webp.webp\" alt=\"Imagem BYD Seal\" width=\"720\" height=\"405\" class=\"aligncenter wp-image-1093560 size-medium\"  \/><\/a><\/p>\n<p>Uma proposta que evidencia, uma vez mais, a dist\u00e2ncia crescente entre os fabricantes chineses e a ind\u00fastria europeia no ritmo de inova\u00e7\u00e3o.<\/p>\n<p>A corrida tecnol\u00f3gica dos el\u00e9tricos acelera na China<\/p>\n<p>As <strong>marcas chinesas transformaram o mercado dos carros el\u00e9tricos numa corrida constante<\/strong>, sem linha de chegada \u00e0 vista. A rapidez com que introduzem novas tecnologias contrasta com a dificuldade dos fabricantes europeus em acompanhar este ritmo.<\/p>\n<p>A mais recente novidade da BYD surge precisamente neste contexto de press\u00e3o cont\u00ednua e inova\u00e7\u00e3o acelerada.<\/p>\n<p><a target=\"_blank\" href=\"https:\/\/pplware.sapo.pt\/wp-content\/uploads\/2025\/12\/motor_byd01.webp\" rel=\"nofollow noopener\"><img loading=\"lazy\" decoding=\"async\" aria-describedby=\"caption-attachment-1093559\" src=\"https:\/\/www.europesays.com\/pt\/wp-content\/uploads\/2025\/12\/motor_byd01-720x405.webp.webp\" alt=\"Imagem novo motor BYD\" width=\"720\" height=\"405\" class=\"wp-image-1093559 size-medium\"  \/><\/a><\/p>\n<p id=\"caption-attachment-1093559\" class=\"wp-caption-text\">O novo motor, conhecido internamente como TZ200XYAT, opera dentro da arquitetura de 800 volts da marca e \u00e9 <strong>compat\u00edvel com o sistema de recarga Megawatt Flash Charge<\/strong>, que permite tempos de carregamento reduzidos. Al\u00e9m disso, o conjunto passou por melhorias de efici\u00eancia, incluindo avan\u00e7os na gest\u00e3o de energia e nos sistemas de controlo eletr\u00f3nico.<\/p>\n<p>Um novo motor BYD para as gamas Dynasty e Ocean<\/p>\n<p>A BYD n\u00e3o quer ficar para tr\u00e1s e apresentou um <strong>novo motor el\u00e9trico<\/strong> destinado \u00e0s vers\u00f5es mais avan\u00e7adas das s\u00e9ries Dynasty e Ocean.<\/p>\n<p>Entre os modelos que dever\u00e3o estrear esta tecnologia contam-se o <strong>renovado Seal 06, o Seal 06 GT e o topo de gama Han<\/strong>. Segundo fontes chinesas, o motor chama-se \u00abTZ200XYAT\u00bb e est\u00e1 muito pr\u00f3ximo de entrar em produ\u00e7\u00e3o.<\/p>\n<p>BYD: engenharia compacta com elevada pot\u00eancia<\/p>\n<p>A documenta\u00e7\u00e3o t\u00e9cnica revela um motor mais compacto e melhor proporcionado, permitindo libertar espa\u00e7o no eixo traseiro sem comprometer o desempenho.<\/p>\n<p>Trata-se de um motor s\u00edncrono de \u00edmanes permanentes, com <strong>pot\u00eancia nominal de 120 kW<\/strong>, cerca de 160 cv, e pot\u00eancia m\u00e1xima de 240 kW, o equivalente a <strong>aproximadamente 326 cv<\/strong>.<\/p>\n<p><a target=\"_blank\" href=\"https:\/\/pplware.sapo.pt\/wp-content\/uploads\/2025\/12\/motor_byd02.webp\" rel=\"nofollow noopener\"><img loading=\"lazy\" decoding=\"async\" aria-describedby=\"caption-attachment-1093561\" src=\"https:\/\/www.europesays.com\/pt\/wp-content\/uploads\/2025\/12\/motor_byd02-720x405.webp.webp\" alt=\"\" width=\"720\" height=\"405\" class=\"wp-image-1093561 size-medium\"  \/><\/a><\/p>\n<p id=\"caption-attachment-1093561\" class=\"wp-caption-text\">A marca explica que a ado\u00e7\u00e3o alargada deste conjunto \u00e9 poss\u00edvel porque foi concebido para operar nas plataformas mais recentes, como a e-Platform 3.0 Evo e a nova plataforma de 1.000 V, preparada para carregamentos ao n\u00edvel do megawatt.<\/p>\n<p>Tecnologia de 800 V e solu\u00e7\u00f5es pouco comuns<\/p>\n<p>Este motor \u00e9 compat\u00edvel com <strong>arquiteturas el\u00e9tricas de 800 V<\/strong> e integra solu\u00e7\u00f5es avan\u00e7adas como refrigera\u00e7\u00e3o direta. Um dos aspetos mais inovadores \u00e9 o envolvimento dos pr\u00f3prios bobinados no processo de carregamento.<\/p>\n<p>O estator utiliza dez camadas de fio plano, <strong>l\u00e2minas de a\u00e7o ao sil\u00edcio com apenas 0,2 mm de espessura<\/strong> e sensores dedicados \u00e0 dete\u00e7\u00e3o de correntes parasitas, reduzindo perdas energ\u00e9ticas atrav\u00e9s de sistemas inteligentes de gest\u00e3o.<\/p>\n<p>Preparado para tra\u00e7\u00e3o integral e futuras plataformas<\/p>\n<p>O mesmo motor pode ser utilizado em configura\u00e7\u00f5es de tra\u00e7\u00e3o integral. No eixo traseiro fica a unidade principal, enquanto no eixo dianteiro \u00e9 usada uma vers\u00e3o ajustada por software, com pot\u00eancia m\u00e1xima de 160 cv.<\/p>\n<p>A BYD confirmou ainda que este motor pode ser integrado noutras tipologias de ve\u00edculos e em plataformas como a <a target=\"_blank\" href=\"https:\/\/pplware.sapo.pt\/motores\/conheca-a-e-platform-3-0-o-coracao-cada-vez-mais-integrado-dos-eletricos-da-byd\/\" rel=\"nofollow noopener\">e-Platform 3.0 Evo<\/a> ou a Super e-Platform, <strong>esta \u00faltima com arquitetura de 1000 V<\/strong>.<\/p>\n<p><a target=\"_blank\" href=\"https:\/\/pplware.sapo.pt\/wp-content\/uploads\/2025\/12\/motor_byd03.webp\" rel=\"nofollow noopener\"><img loading=\"lazy\" decoding=\"async\" aria-describedby=\"caption-attachment-1093565\" src=\"https:\/\/www.europesays.com\/pt\/wp-content\/uploads\/2025\/12\/motor_byd03-720x405.webp.webp\" alt=\"\" width=\"720\" height=\"405\" class=\"size-medium wp-image-1093565\"  \/><\/a><\/p>\n<p id=\"caption-attachment-1093565\" class=\"wp-caption-text\">A BYD e-Platform 3.0 \u00e9 uma plataforma totalmente concebida para reinventar a condu\u00e7\u00e3o e a experi\u00eancia a bordo dos ve\u00edculos movidos a novas energias.<\/p>\n<p>Chegada \u00e0 Europa \u00e9 apenas uma quest\u00e3o de tempo<\/p>\n<p>Ainda n\u00e3o h\u00e1 data oficial para a estreia deste motor nos modelos vendidos na Europa.<\/p>\n<p>No entanto, tendo em conta a ambi\u00e7\u00e3o da BYD em refor\u00e7ar a lideran\u00e7a nas vendas e ultrapassar os rivais europeus, tudo indica que esta tecnologia n\u00e3o demorar\u00e1 a chegar ao mercado europeu.<\/p>\n","protected":false},"excerpt":{"rendered":"A BYD voltou a subir a fasquia no desenvolvimento de ve\u00edculos el\u00e9tricos. A marca chinesa revelou um novo&hellip;\n","protected":false},"author":2,"featured_media":190326,"comment_status":"","ping_status":"","sticky":false,"template":"","format":"standard","meta":{"footnotes":""},"categories":[83],"tags":[88,3895,89,90,32,33,38337],"class_list":{"0":"post-190325","1":"post","2":"type-post","3":"status-publish","4":"format-standard","5":"has-post-thumbnail","7":"category-empresas","8":"tag-business","9":"tag-byd","10":"tag-economy","11":"tag-empresas","12":"tag-portugal","13":"tag-pt","14":"tag-tz200xyat"},"share_on_mastodon":{"url":"https:\/\/pubeurope.com\/@pt\/115728247541303422","error":""},"_links":{"self":[{"href":"https:\/\/www.europesays.com\/pt\/wp-json\/wp\/v2\/posts\/190325","targetHints":{"allow":["GET"]}}],"collection":[{"href":"https:\/\/www.europesays.com\/pt\/wp-json\/wp\/v2\/posts"}],"about":[{"href":"https:\/\/www.europesays.com\/pt\/wp-json\/wp\/v2\/types\/post"}],"author":[{"embeddable":true,"href":"https:\/\/www.europesays.com\/pt\/wp-json\/wp\/v2\/users\/2"}],"replies":[{"embeddable":true,"href":"https:\/\/www.europesays.com\/pt\/wp-json\/wp\/v2\/comments?post=190325"}],"version-history":[{"count":0,"href":"https:\/\/www.europesays.com\/pt\/wp-json\/wp\/v2\/posts\/190325\/revisions"}],"wp:featuredmedia":[{"embeddable":true,"href":"https:\/\/www.europesays.com\/pt\/wp-json\/wp\/v2\/media\/190326"}],"wp:attachment":[{"href":"https:\/\/www.europesays.com\/pt\/wp-json\/wp\/v2\/media?parent=190325"}],"wp:term":[{"taxonomy":"category","embeddable":true,"href":"https:\/\/www.europesays.com\/pt\/wp-json\/wp\/v2\/categories?post=190325"},{"taxonomy":"post_tag","embeddable":true,"href":"https:\/\/www.europesays.com\/pt\/wp-json\/wp\/v2\/tags?post=190325"}],"curies":[{"name":"wp","href":"https:\/\/api.w.org\/{rel}","templated":true}]}}