{"id":190327,"date":"2025-12-16T08:14:09","date_gmt":"2025-12-16T08:14:09","guid":{"rendered":"https:\/\/www.europesays.com\/pt\/190327\/"},"modified":"2025-12-16T08:14:09","modified_gmt":"2025-12-16T08:14:09","slug":"detidos-cinco-suspeitos-de-planearem-ataques-terroristas-nos-eua-a-31-de-dezembro","status":"publish","type":"post","link":"https:\/\/www.europesays.com\/pt\/190327\/","title":{"rendered":"Detidos cinco suspeitos de planearem ataques terroristas nos EUA a 31 de dezembro"},"content":{"rendered":"<p data-remotead-prev-elm=\"true\" data-remotead-elm-id=\"inread\">A procuradora-geral Pam Bondi anunciou numa publica\u00e7\u00e3o na plataforma X que os detidos faziam parte de um grupo &#8220;de extrema-esquerda, pr\u00f3-Palestina, anti-governo e anti-capitalista&#8221; que planeava atentados em &#8220;v\u00e1rias partes da Calif\u00f3rnia&#8221;, estado da costa oeste do pa\u00eds, e ataques contra agentes do Ag\u00eancia de Imigra\u00e7\u00e3o e Alf\u00e2ndega (ICE). <\/p>\n<p>&#8220;Ap\u00f3s uma investiga\u00e7\u00e3o intensiva, o Departamento de Justi\u00e7a, em coordena\u00e7\u00e3o com o FBI, impediu o que teria sido um plano terrorista maci\u00e7o e hediondo no Distrito Central da Calif\u00f3rnia (condados de Orange e Los Angeles)&#8221;, adiantou a procuradora-geral.<\/p>\n<p>Tamb\u00e9m na rede X, o diretor da ag\u00eancia federal de investiga\u00e7\u00e3o criminal (FBI), Kash Patel, anunciou outra deten\u00e7\u00e3o, de um indiv\u00edduo alegadamente ligado ao grupo &#8220;extremista&#8221;, detido em Nova Orle\u00e3es, onde planeava um &#8220;ataque violento separado&#8221;. <\/p>\n<p data-remotead-prev-elm=\"true\" data-remotead-elm-id=\"centro1\">Nos documentos judiciais apresentados na Calif\u00f3rnia, as autoridades identificaram os quatro indiv\u00edduos detidos naquele estado como Audrey Illeene Carroll, Zachary Aaron Page, Dante Gaffield e Tina Lai. <\/p>\n<p>O plano<\/p>\n<p>O plano, segundo a acusa\u00e7\u00e3o, chamava-se &#8220;Opera\u00e7\u00e3o Sol da Meia-Noite&#8221; e previa a coloca\u00e7\u00e3o simult\u00e2nea em cinco locais diferentes, no dia 31 de dezembro, de mochilas contendo explosivos artesanais. <\/p>\n<p>O alvo das bombas seriam &#8220;duas empresas americanas n\u00e3o identificadas&#8221;. <\/p>\n<p data-remotead-prev-elm=\"true\" data-remotead-elm-id=\"centro2\">Em prepara\u00e7\u00e3o para o ataque, de acordo com os documentos judiciais, os arguidos testaram a detona\u00e7\u00e3o numa desloca\u00e7\u00e3o ao deserto de Mojave, no sudeste da Calif\u00f3rnia, no passado fim de semana, altura em que foram detidos pelo FBI. <\/p>\n<p>Por sua vez, o procurador adjunto Bill Essayli relacionou as deten\u00e7\u00f5es com um esfor\u00e7o do governo de Donald Trump para &#8220;extinguir as amea\u00e7as terroristas de extrema-esquerda&#8221; no pa\u00eds. <\/p>\n<p>O FBI identificou a &#8220;Frente de Liberta\u00e7\u00e3o da Ilha da Tartaruga&#8221; como a organiza\u00e7\u00e3o respons\u00e1vel pelo planeamento destes alegados ataques. <\/p>\n<p data-remotead-prev-elm=\"true\" data-remotead-elm-id=\"centro3\">Al\u00e9m dos planos para o Ano Novo, dois dos detidos discutiram ideias para atacar agentes e ve\u00edculos do ICE em janeiro e fevereiro do pr\u00f3ximo ano, para &#8220;eliminar alguns e intimidar os restantes&#8221;, segundo os documentos. <\/p>\n<p>Nas p\u00e1ginas das redes sociais associadas a este grupo, que as autoridades dizem ser gerido por Carroll, este descreve-se como uma organiza\u00e7\u00e3o de &#8220;liberta\u00e7\u00e3o&#8221; atrav\u00e9s da &#8220;descoloniza\u00e7\u00e3o e soberania&#8221;. <\/p>\n<p>No Instagram, onde t\u00eam 862 seguidores e publicam conte\u00fados desde o ver\u00e3o deste ano, partilharam imagens relacionadas com protestos contra as pol\u00edticas de imigra\u00e7\u00e3o de Trump, em apoio da Palestina e contra o capitalismo. <\/p>\n","protected":false},"excerpt":{"rendered":"A procuradora-geral Pam Bondi anunciou numa publica\u00e7\u00e3o na plataforma X que os detidos faziam parte de um grupo&hellip;\n","protected":false},"author":2,"featured_media":190328,"comment_status":"","ping_status":"","sticky":false,"template":"","format":"standard","meta":{"footnotes":""},"categories":[50],"tags":[27,28,413,7442,15,16,14,25,26,21,22,62,12,13,19,20,23,24,8270,17,18,29,30,31,63,64,65],"class_list":{"0":"post-190327","1":"post","2":"type-post","3":"status-publish","4":"format-standard","5":"has-post-thumbnail","7":"category-mundo","8":"tag-breaking-news","9":"tag-breakingnews","10":"tag-eua","11":"tag-fbi","12":"tag-featured-news","13":"tag-featurednews","14":"tag-headlines","15":"tag-latest-news","16":"tag-latestnews","17":"tag-main-news","18":"tag-mainnews","19":"tag-mundo","20":"tag-news","21":"tag-noticias","22":"tag-noticias-principais","23":"tag-noticiasprincipais","24":"tag-principais-noticias","25":"tag-principaisnoticias","26":"tag-terrorismo","27":"tag-top-stories","28":"tag-topstories","29":"tag-ultimas","30":"tag-ultimas-noticias","31":"tag-ultimasnoticias","32":"tag-world","33":"tag-world-news","34":"tag-worldnews"},"share_on_mastodon":{"url":"https:\/\/pubeurope.com\/@pt\/115728250509352567","error":""},"_links":{"self":[{"href":"https:\/\/www.europesays.com\/pt\/wp-json\/wp\/v2\/posts\/190327","targetHints":{"allow":["GET"]}}],"collection":[{"href":"https:\/\/www.europesays.com\/pt\/wp-json\/wp\/v2\/posts"}],"about":[{"href":"https:\/\/www.europesays.com\/pt\/wp-json\/wp\/v2\/types\/post"}],"author":[{"embeddable":true,"href":"https:\/\/www.europesays.com\/pt\/wp-json\/wp\/v2\/users\/2"}],"replies":[{"embeddable":true,"href":"https:\/\/www.europesays.com\/pt\/wp-json\/wp\/v2\/comments?post=190327"}],"version-history":[{"count":0,"href":"https:\/\/www.europesays.com\/pt\/wp-json\/wp\/v2\/posts\/190327\/revisions"}],"wp:featuredmedia":[{"embeddable":true,"href":"https:\/\/www.europesays.com\/pt\/wp-json\/wp\/v2\/media\/190328"}],"wp:attachment":[{"href":"https:\/\/www.europesays.com\/pt\/wp-json\/wp\/v2\/media?parent=190327"}],"wp:term":[{"taxonomy":"category","embeddable":true,"href":"https:\/\/www.europesays.com\/pt\/wp-json\/wp\/v2\/categories?post=190327"},{"taxonomy":"post_tag","embeddable":true,"href":"https:\/\/www.europesays.com\/pt\/wp-json\/wp\/v2\/tags?post=190327"}],"curies":[{"name":"wp","href":"https:\/\/api.w.org\/{rel}","templated":true}]}}