{"id":190357,"date":"2025-12-16T08:44:23","date_gmt":"2025-12-16T08:44:23","guid":{"rendered":"https:\/\/www.europesays.com\/pt\/190357\/"},"modified":"2025-12-16T08:44:23","modified_gmt":"2025-12-16T08:44:23","slug":"depois-de-ataque-em-sydney-australia-ja-esta-a-rever-as-suas-leis-de-porte-de-armas-australia","status":"publish","type":"post","link":"https:\/\/www.europesays.com\/pt\/190357\/","title":{"rendered":"Depois de ataque em Sydney, Austr\u00e1lia j\u00e1 est\u00e1 a rever as suas leis de porte de armas | Austr\u00e1lia"},"content":{"rendered":"<p>Nem 24 horas se passaram desde o ataque na praia de Bondi, em Sydney, que matou 15 pessoas e deixou dezenas de feridos, e o Governo australiano j\u00e1 anunciou a revis\u00e3o da lei de porte de armas nacional.<\/p>\n<p>De acordo com os meios de comunica\u00e7\u00e3o locais, o ataque ter\u00e1 sido perpetrado por Sajid Akram, 50 anos, e Naveed Akram, 24 anos \u2013 pai e filho. Sajid foi neutralizado no local pelas autoridades. Naveed foi ferido e est\u00e1 hospitalizado em estado grave, mas est\u00e1vel. \u00c9 por isso expect\u00e1vel que venha a enfrentar uma acusa\u00e7\u00e3o criminal, de acordo com o primeiro-ministro da regi\u00e3o de Nova Gales do Sul, Chris Minns.<\/p>\n<p>Sajid Akram, que ter\u00e1 chegado ao pa\u00eds em 1998 com um visto de estudante, tinha licen\u00e7as de porte para seis armas \u2014 todas entretanto apreendidas pela pol\u00edcia \u2014 emitidas em 2015. J\u00e1 o filho, Naveed, que nasceu na Austr\u00e1lia, trabalhava como pedreiro e n\u00e3o teria qualquer tipo de licen\u00e7a. No entanto, alguns colegas de trabalho que falaram com o <a href=\"https:\/\/www.theguardian.com\/australia-news\/2025\/dec\/15\/bondi-beach-terror-attack-father-son-duo-alleged-behind-shooting-licensed-firearms-ntwnfb\" target=\"_blank\" rel=\"nofollow noopener\">The Guardian<\/a> recordam que referia v\u00e1rias vezes a ca\u00e7a e o boxe como algumas das suas paix\u00f5es.<\/p>\n<p>Naveed j\u00e1 tinha entrado no radar das autoridades em Outubro de 2019, de acordo com Anthony Albanese, primeiro-ministro australiano. Foi avaliado durante seis meses devido \u00e0 proximidade com outras pessoas que, de acordo com a ABC, teriam liga\u00e7\u00f5es a uma c\u00e9lula do Estado Isl\u00e2mico. No entanto, \u201cconcluiu-se que n\u00e3o havia ind\u00edcios de qualquer amea\u00e7a iminente\u201d.<\/p>\n<p>As autoridades tamb\u00e9m n\u00e3o encontraram ind\u00edcios na casa de ambos de que o ataque, que <a href=\"https:\/\/www.publico.pt\/2025\/12\/14\/mundo\/noticia\/dez-feridos-tiroteio-praia-bondi-sydney-2158018\" target=\"_blank\" rel=\"nofollow noopener\">aconteceu no domingo<\/a> durante um evento em que se celebrava a primeira noite da festa das luzes judaica, ou Hanukah, estivesse a ser preparado de antem\u00e3o.<\/p>\n<p>        &#13;<\/p>\n<p>&#13;<br \/>\n                &#13;\n            <\/p>\n<p>&#13;<\/p>\n<p>Agora, o pa\u00eds que regista muito poucos incidentes com recurso a armas e que j\u00e1 tem uma das legisla\u00e7\u00f5es mais apertadas para o seu porte, prepara-se para tornar ainda mais dif\u00edcil que um ataque como estes volte a acontecer.<\/p>\n<p>O primeiro-ministro de Nova Gales do Sul afirmou desde logo que queria \u201colhar\u201d para o n\u00famero de licen\u00e7as de porte de armas e que \u00e9 \u201ctempo para uma altera\u00e7\u00e3o sobre a legisla\u00e7\u00e3o de porte de armas em Nova Gales do Sul\u201d, mas que n\u00e3o estava pronto \u201ca anunci\u00e1-la hoje\u201d.<\/p>\n<p>Tamb\u00e9m Anthony Albanese convocou uma reuni\u00e3o urgente do gabinete nacional para a tarde de segunda-feira. Todos os primeiros-ministros presentes concordaram aumentar o controlo sobre o porte de armas.<\/p>\n<p>Est\u00e3o a ser estudadas v\u00e1rias op\u00e7\u00f5es: apenas cidad\u00e3os australianos passam a poder ter uma licen\u00e7a, um registo oficial, uma limita\u00e7\u00e3o do n\u00famero de armas que uma pessoa pode ter e uma lista, ainda mais pequena do que a actual, do tipo de armas consideradas legais. O Governo federal est\u00e1 ainda a trabalhar em restri\u00e7\u00f5es ainda maiores na importa\u00e7\u00e3o de armas e de potenciais elementos usados para as alterar, incluindo impress\u00e3o 3D.<\/p>\n<p>\u201cAs pessoas podem ser radicalizadas ao longo de um per\u00edodo, e as licen\u00e7as n\u00e3o devem ser perp\u00e9tuas\u201d, disse Albanese aos jornalistas.<\/p>\n<p><strong>Netanyahu avisou que ataques antissemitas podiam aumentar<\/strong><\/p>\n<p>Nesta segunda-feira, decorreu uma vig\u00edlia em mem\u00f3ria das 15 v\u00edtimas, que tinham entre<a href=\"https:\/\/www.publico.pt\/2025\/12\/15\/mundo\/noticia\/crianca-sobrevivente-holocausto-vitimas-mortais-ataque-sydney-2158126?ref=hp&amp;cx=ultimas_1\" target=\"_blank\" rel=\"nofollow noopener\"> 10 e 87 anos<\/a>. Al\u00e9m de flores, foi levada uma menor\u00e1 para Bondi pela m\u00e3o de v\u00e1rios membros da comunidade judaica local, que se juntaram no local para a acenderem, <a href=\"https:\/\/www.abc.net.au\/news\/2025-12-15\/bondi-shooting-vigil-jewish-community\/106145098\" target=\"_blank\" rel=\"nofollow noopener\">descreve a ABC.<\/a><\/p>\n<p>N\u00e3o foi o primeiro ataque anti-semita na Austr\u00e1lia desde o in\u00edcio da guerra de Israel em Gaza \u2013 houve ataques a sinagogas, edif\u00edcios e carros \u2014, mas nenhum teve esta gravidade.<\/p>\n<p>O primeiro-ministro israelita, Benjamin Netanyahu, afirmou, nesta segunda-feira, que j\u00e1 tinha avisado Albanese de que o apoio australiano \u00e0 solu\u00e7\u00e3o de dois Estados, que pressup\u00f5e a exist\u00eancia de um Estado palestiniano, iria aumentar o anti-semitismo no pa\u00eds e \u201cencorajar o \u00f3dio contra judeus nas ruas\u201d, cita o <a href=\"https:\/\/www.haaretz.com\/world-news\/2025-12-15\/ty-article\/.premium\/albanese-rejects-netanyahu-linking-palestinian-state-to-deadly-bondi-beach-attack\/0000019b-2186-d93d-a5fb-33dfd3b10000\" target=\"_blank\" rel=\"nofollow noopener\">Haaretz.<\/a><\/p>\n<p>Antes disso, Netanyahu j\u00e1 tinha dito que Albanese era um \u201cpol\u00edtico fraco que tinha tra\u00eddo Israel e abandonado os judeus australianos\u201d.<\/p>\n<p>No entanto, o hom\u00f3logo australiano j\u00e1 rejeitou a acusa\u00e7\u00e3o. \u201cDe forma esmagadora, a maior parte do mundo reconhece uma solu\u00e7\u00e3o de dois Estados como o caminho a seguir no M\u00e9dio Oriente\u201d, disse Albanese numa entrevista. \u201cTemos de abra\u00e7ar os membros da comunidade judaica, que est\u00e3o a passar por um per\u00edodo extraordinariamente dif\u00edcil\u201d, acrescentou.<\/p>\n","protected":false},"excerpt":{"rendered":"Nem 24 horas se passaram desde o ataque na praia de Bondi, em Sydney, que matou 15 pessoas&hellip;\n","protected":false},"author":2,"featured_media":190358,"comment_status":"","ping_status":"","sticky":false,"template":"","format":"standard","meta":{"footnotes":""},"categories":[50],"tags":[11732,2337,258,27,28,15,16,14,259,25,26,21,22,62,12,13,19,20,23,24,34920,17,18,29,30,31,63,64,65],"class_list":{"0":"post-190357","1":"post","2":"type-post","3":"status-publish","4":"format-standard","5":"has-post-thumbnail","7":"category-mundo","8":"tag-anthony-albanese","9":"tag-australia","10":"tag-benjamin-netanyahu","11":"tag-breaking-news","12":"tag-breakingnews","13":"tag-featured-news","14":"tag-featurednews","15":"tag-headlines","16":"tag-israel","17":"tag-latest-news","18":"tag-latestnews","19":"tag-main-news","20":"tag-mainnews","21":"tag-mundo","22":"tag-news","23":"tag-noticias","24":"tag-noticias-principais","25":"tag-noticiasprincipais","26":"tag-principais-noticias","27":"tag-principaisnoticias","28":"tag-sydney","29":"tag-top-stories","30":"tag-topstories","31":"tag-ultimas","32":"tag-ultimas-noticias","33":"tag-ultimasnoticias","34":"tag-world","35":"tag-world-news","36":"tag-worldnews"},"share_on_mastodon":{"url":"https:\/\/pubeurope.com\/@pt\/115728368470442641","error":""},"_links":{"self":[{"href":"https:\/\/www.europesays.com\/pt\/wp-json\/wp\/v2\/posts\/190357","targetHints":{"allow":["GET"]}}],"collection":[{"href":"https:\/\/www.europesays.com\/pt\/wp-json\/wp\/v2\/posts"}],"about":[{"href":"https:\/\/www.europesays.com\/pt\/wp-json\/wp\/v2\/types\/post"}],"author":[{"embeddable":true,"href":"https:\/\/www.europesays.com\/pt\/wp-json\/wp\/v2\/users\/2"}],"replies":[{"embeddable":true,"href":"https:\/\/www.europesays.com\/pt\/wp-json\/wp\/v2\/comments?post=190357"}],"version-history":[{"count":0,"href":"https:\/\/www.europesays.com\/pt\/wp-json\/wp\/v2\/posts\/190357\/revisions"}],"wp:featuredmedia":[{"embeddable":true,"href":"https:\/\/www.europesays.com\/pt\/wp-json\/wp\/v2\/media\/190358"}],"wp:attachment":[{"href":"https:\/\/www.europesays.com\/pt\/wp-json\/wp\/v2\/media?parent=190357"}],"wp:term":[{"taxonomy":"category","embeddable":true,"href":"https:\/\/www.europesays.com\/pt\/wp-json\/wp\/v2\/categories?post=190357"},{"taxonomy":"post_tag","embeddable":true,"href":"https:\/\/www.europesays.com\/pt\/wp-json\/wp\/v2\/tags?post=190357"}],"curies":[{"name":"wp","href":"https:\/\/api.w.org\/{rel}","templated":true}]}}