{"id":190363,"date":"2025-12-16T08:53:07","date_gmt":"2025-12-16T08:53:07","guid":{"rendered":"https:\/\/www.europesays.com\/pt\/190363\/"},"modified":"2025-12-16T08:53:07","modified_gmt":"2025-12-16T08:53:07","slug":"benfica-divulga-detalhes-sobre-a-lesao-de-leandro-barreiro","status":"publish","type":"post","link":"https:\/\/www.europesays.com\/pt\/190363\/","title":{"rendered":"Benfica divulga detalhes sobre a les\u00e3o de Leandro Barreiro"},"content":{"rendered":"<p>&#8211; Advertisement &#8211;<\/p>\n<p><strong>Leandro Barreiro sofreu uma contus\u00e3o no tornozelo esquerdo. O m\u00e9dio luxemburgu\u00eas n\u00e3o ser\u00e1 op\u00e7\u00e3o para o Farense x Benfica.<\/strong><\/p>\n<p>O Benfica informou, em comunicado oficial, que Leandro Barreiro sofreu uma contus\u00e3o no tornozelo esquerdo. Recorde-se que o m\u00e9dio luxemburgu\u00eas saiu lesionado ao intervalo do encontro frente ao Moreirense, na sequ\u00eancia de uma entrada de Stepanovic.<\/p>\n<p>Assim sendo, Leandro Barreiro ser\u00e1 baixa confirmada para o encontro do Benfica diante do Farense, a contar para os oitavos de final da Ta\u00e7a de Portugal. Na presente temporada, o m\u00e9dio tem ganho preponder\u00e2ncia no esquema t\u00e1tico de Jos\u00e9 Mourinho e j\u00e1 soma dois golos e quatro assist\u00eancias em 27 jogos pelo Benfica.<\/p>\n","protected":false},"excerpt":{"rendered":"&#8211; Advertisement &#8211; Leandro Barreiro sofreu uma contus\u00e3o no tornozelo esquerdo. O m\u00e9dio luxemburgu\u00eas n\u00e3o ser\u00e1 op\u00e7\u00e3o para&hellip;\n","protected":false},"author":2,"featured_media":190364,"comment_status":"","ping_status":"","sticky":false,"template":"","format":"standard","meta":{"footnotes":""},"categories":[87],"tags":[260,135,478,30300,32,479,33,134],"class_list":{"0":"post-190363","1":"post","2":"type-post","3":"status-publish","4":"format-standard","5":"has-post-thumbnail","7":"category-desporto","8":"tag-atualidade","9":"tag-desporto","10":"tag-destaques-bnr","11":"tag-leandro-barreiro","12":"tag-portugal","13":"tag-primeira-liga","14":"tag-pt","15":"tag-sports"},"share_on_mastodon":{"url":"https:\/\/pubeurope.com\/@pt\/115728404525003013","error":""},"_links":{"self":[{"href":"https:\/\/www.europesays.com\/pt\/wp-json\/wp\/v2\/posts\/190363","targetHints":{"allow":["GET"]}}],"collection":[{"href":"https:\/\/www.europesays.com\/pt\/wp-json\/wp\/v2\/posts"}],"about":[{"href":"https:\/\/www.europesays.com\/pt\/wp-json\/wp\/v2\/types\/post"}],"author":[{"embeddable":true,"href":"https:\/\/www.europesays.com\/pt\/wp-json\/wp\/v2\/users\/2"}],"replies":[{"embeddable":true,"href":"https:\/\/www.europesays.com\/pt\/wp-json\/wp\/v2\/comments?post=190363"}],"version-history":[{"count":0,"href":"https:\/\/www.europesays.com\/pt\/wp-json\/wp\/v2\/posts\/190363\/revisions"}],"wp:featuredmedia":[{"embeddable":true,"href":"https:\/\/www.europesays.com\/pt\/wp-json\/wp\/v2\/media\/190364"}],"wp:attachment":[{"href":"https:\/\/www.europesays.com\/pt\/wp-json\/wp\/v2\/media?parent=190363"}],"wp:term":[{"taxonomy":"category","embeddable":true,"href":"https:\/\/www.europesays.com\/pt\/wp-json\/wp\/v2\/categories?post=190363"},{"taxonomy":"post_tag","embeddable":true,"href":"https:\/\/www.europesays.com\/pt\/wp-json\/wp\/v2\/tags?post=190363"}],"curies":[{"name":"wp","href":"https:\/\/api.w.org\/{rel}","templated":true}]}}