{"id":190369,"date":"2025-12-16T08:58:16","date_gmt":"2025-12-16T08:58:16","guid":{"rendered":"https:\/\/www.europesays.com\/pt\/190369\/"},"modified":"2025-12-16T08:58:16","modified_gmt":"2025-12-16T08:58:16","slug":"turquia-abate-drone-que-se-aproximava-desde-o-mar-negro","status":"publish","type":"post","link":"https:\/\/www.europesays.com\/pt\/190369\/","title":{"rendered":"Turquia abate drone que se aproximava desde o mar Negro"},"content":{"rendered":"<p id=\"block-1\">A Turquia abateu hoje um drone, quando este se aproximava do seu espa\u00e7o a\u00e9reo desde o mar Negro, revelou o Minist\u00e9rio da Defesa turco.<\/p>\n<p id=\"block-2\">&#8220;Para evitar quaisquer consequ\u00eancias adversas, o drone foi abatido numa \u00e1rea segura, longe de qualquer \u00e1rea povoada&#8221;, explicou a Defesa turca, em comunicado, sem especificar a origem exata do drone.<\/p>\n<p id=\"block-3\">Segundo Ancara, &#8220;um rasto a\u00e9reo (&#8230;) foi detetado e rastreado como parte dos procedimentos de rotina&#8221; sobre o mar Negro, e &#8220;foi determinado que o rasto a\u00e9reo em quest\u00e3o correspondia a um drone invasor&#8221;.<\/p>\n<p id=\"block-4\">&#8220;Para garantir a seguran\u00e7a do espa\u00e7o a\u00e9reo, os nossos F-16, sob o comando da NATO e nacional, foram mobilizados numa miss\u00e3o de interce\u00e7\u00e3o&#8221;, acrescentou o Minist\u00e9rio da Defesa turco.<\/p>\n<p id=\"block-5\">Este incidente acontece depois de o Presidente turco, Recep Tayyip Erdogan, ter avisado no s\u00e1bado que o mar Negro poderia tornar-se uma &#8220;zona de confronto&#8221; entre a R\u00fassia e a Ucr\u00e2nia, ap\u00f3s v\u00e1rios ataques contra navios nas \u00faltimas semanas.<\/p>\n<p id=\"block-6\">Um navio turco foi danificado na sexta-feira num ataque a\u00e9reo russo perto da cidade portu\u00e1ria ucraniana de Odessa, no mar Negro, poucas horas depois de um encontro entre o Presidente Erdogan e o seu hom\u00f3logo russo, Vladimir Putin.<\/p>\n<p id=\"block-7\">O chefe de Estado turco tinha alertado na semana anterior para a &#8220;preocupante escalada&#8221; no mar Negro, ap\u00f3s ataques, reivindicados pela Ucr\u00e2nia, contra petroleiros ligados \u00e0 R\u00fassia na costa turca.<\/p>\n<p id=\"block-8\">A Turquia, cuja costa norte faz fronteira com a Ucr\u00e2nia e a Crimeia anexada pela R\u00fassia, tem mantido la\u00e7os estreitos com Kiev e Moscovo desde o in\u00edcio da invas\u00e3o russa da Ucr\u00e2nia, em fevereiro de 2022.<\/p>\n","protected":false},"excerpt":{"rendered":"A Turquia abateu hoje um drone, quando este se aproximava do seu espa\u00e7o a\u00e9reo desde o mar Negro,&hellip;\n","protected":false},"author":2,"featured_media":190370,"comment_status":"","ping_status":"","sticky":false,"template":"","format":"standard","meta":{"footnotes":""},"categories":[50],"tags":[27,28,15,16,14,25,26,21,22,62,12,13,19,20,23,24,17,18,29,30,31,63,64,65],"class_list":{"0":"post-190369","1":"post","2":"type-post","3":"status-publish","4":"format-standard","5":"has-post-thumbnail","7":"category-mundo","8":"tag-breaking-news","9":"tag-breakingnews","10":"tag-featured-news","11":"tag-featurednews","12":"tag-headlines","13":"tag-latest-news","14":"tag-latestnews","15":"tag-main-news","16":"tag-mainnews","17":"tag-mundo","18":"tag-news","19":"tag-noticias","20":"tag-noticias-principais","21":"tag-noticiasprincipais","22":"tag-principais-noticias","23":"tag-principaisnoticias","24":"tag-top-stories","25":"tag-topstories","26":"tag-ultimas","27":"tag-ultimas-noticias","28":"tag-ultimasnoticias","29":"tag-world","30":"tag-world-news","31":"tag-worldnews"},"share_on_mastodon":{"url":"https:\/\/pubeurope.com\/@pt\/115728423521392271","error":""},"_links":{"self":[{"href":"https:\/\/www.europesays.com\/pt\/wp-json\/wp\/v2\/posts\/190369","targetHints":{"allow":["GET"]}}],"collection":[{"href":"https:\/\/www.europesays.com\/pt\/wp-json\/wp\/v2\/posts"}],"about":[{"href":"https:\/\/www.europesays.com\/pt\/wp-json\/wp\/v2\/types\/post"}],"author":[{"embeddable":true,"href":"https:\/\/www.europesays.com\/pt\/wp-json\/wp\/v2\/users\/2"}],"replies":[{"embeddable":true,"href":"https:\/\/www.europesays.com\/pt\/wp-json\/wp\/v2\/comments?post=190369"}],"version-history":[{"count":0,"href":"https:\/\/www.europesays.com\/pt\/wp-json\/wp\/v2\/posts\/190369\/revisions"}],"wp:featuredmedia":[{"embeddable":true,"href":"https:\/\/www.europesays.com\/pt\/wp-json\/wp\/v2\/media\/190370"}],"wp:attachment":[{"href":"https:\/\/www.europesays.com\/pt\/wp-json\/wp\/v2\/media?parent=190369"}],"wp:term":[{"taxonomy":"category","embeddable":true,"href":"https:\/\/www.europesays.com\/pt\/wp-json\/wp\/v2\/categories?post=190369"},{"taxonomy":"post_tag","embeddable":true,"href":"https:\/\/www.europesays.com\/pt\/wp-json\/wp\/v2\/tags?post=190369"}],"curies":[{"name":"wp","href":"https:\/\/api.w.org\/{rel}","templated":true}]}}