{"id":190373,"date":"2025-12-16T09:02:15","date_gmt":"2025-12-16T09:02:15","guid":{"rendered":"https:\/\/www.europesays.com\/pt\/190373\/"},"modified":"2025-12-16T09:02:15","modified_gmt":"2025-12-16T09:02:15","slug":"rui-massena-criou-um-disco-onde-se-pode-mergulhar","status":"publish","type":"post","link":"https:\/\/www.europesays.com\/pt\/190373\/","title":{"rendered":"Rui Massena criou um disco onde se pode mergulhar"},"content":{"rendered":"<p data-remotead-prev-elm=\"true\" data-remotead-elm-id=\"inread\">O ciclo da vida recriado em m\u00fasica, numa viagem entre nostalgia, celebra\u00e7\u00e3o e esperan\u00e7a, \u00e9 o des\u00edgnio do novo trabalho de Rui Massena. Aos 52 anos, o pianista, maestro e compositor edita &#8220;Parents&#8221; house&#8221;, disco de piano que nos transporta para o seu universo pessoal &#8211; a casa dos pais, onde cresceu e hoje vive. &#8220;\u00c9 o mais bonito e desafiante dos ciclos&#8221;, diz o artista portuense.<\/p>\n","protected":false},"excerpt":{"rendered":"O ciclo da vida recriado em m\u00fasica, numa viagem entre nostalgia, celebra\u00e7\u00e3o e esperan\u00e7a, \u00e9 o des\u00edgnio do&hellip;\n","protected":false},"author":2,"featured_media":190374,"comment_status":"","ping_status":"","sticky":false,"template":"","format":"standard","meta":{"footnotes":""},"categories":[145],"tags":[1753,211,210,114,115,38343,33708,1880,32,33,38342],"class_list":{"0":"post-190373","1":"post","2":"type-post","3":"status-publish","4":"format-standard","5":"has-post-thumbnail","7":"category-celebridades","8":"tag-artes","9":"tag-celebridades","10":"tag-celebrities","11":"tag-entertainment","12":"tag-entretenimento","13":"tag-forum-braga","14":"tag-musica-ao-vivo","15":"tag-piano","16":"tag-portugal","17":"tag-pt","18":"tag-rui-massena"},"share_on_mastodon":{"url":"https:\/\/pubeurope.com\/@pt\/115728439178281074","error":""},"_links":{"self":[{"href":"https:\/\/www.europesays.com\/pt\/wp-json\/wp\/v2\/posts\/190373","targetHints":{"allow":["GET"]}}],"collection":[{"href":"https:\/\/www.europesays.com\/pt\/wp-json\/wp\/v2\/posts"}],"about":[{"href":"https:\/\/www.europesays.com\/pt\/wp-json\/wp\/v2\/types\/post"}],"author":[{"embeddable":true,"href":"https:\/\/www.europesays.com\/pt\/wp-json\/wp\/v2\/users\/2"}],"replies":[{"embeddable":true,"href":"https:\/\/www.europesays.com\/pt\/wp-json\/wp\/v2\/comments?post=190373"}],"version-history":[{"count":0,"href":"https:\/\/www.europesays.com\/pt\/wp-json\/wp\/v2\/posts\/190373\/revisions"}],"wp:featuredmedia":[{"embeddable":true,"href":"https:\/\/www.europesays.com\/pt\/wp-json\/wp\/v2\/media\/190374"}],"wp:attachment":[{"href":"https:\/\/www.europesays.com\/pt\/wp-json\/wp\/v2\/media?parent=190373"}],"wp:term":[{"taxonomy":"category","embeddable":true,"href":"https:\/\/www.europesays.com\/pt\/wp-json\/wp\/v2\/categories?post=190373"},{"taxonomy":"post_tag","embeddable":true,"href":"https:\/\/www.europesays.com\/pt\/wp-json\/wp\/v2\/tags?post=190373"}],"curies":[{"name":"wp","href":"https:\/\/api.w.org\/{rel}","templated":true}]}}