{"id":190383,"date":"2025-12-16T09:13:15","date_gmt":"2025-12-16T09:13:15","guid":{"rendered":"https:\/\/www.europesays.com\/pt\/190383\/"},"modified":"2025-12-16T09:13:15","modified_gmt":"2025-12-16T09:13:15","slug":"bolsonaro-sofre-de-duas-hernias-inguinais-e-deve-ser-operado","status":"publish","type":"post","link":"https:\/\/www.europesays.com\/pt\/190383\/","title":{"rendered":"Bolsonaro sofre de duas h\u00e9rnias inguinais e deve ser operado"},"content":{"rendered":"<p data-remotead-prev-elm=\"true\" data-remotead-elm-id=\"inread\">De acordo com o advogado, o diagn\u00f3stico surge da ecografia que os m\u00e9dicos realizaram com um equipamento port\u00e1til de ultrassom na sede da Pol\u00edcia Federal, onde o ex-presidente cumpre pena.<\/p>\n<p>Freitas destacou que a equipa m\u00e9dica &#8220;recomendou&#8221; que Bolsonaro se submetesse a uma cirurgia, o &#8220;\u00fanico [tratamento] definitivo&#8221; para resolver o quadro m\u00e9dico.<\/p>\n<p>A mensagem da defesa foi republicada por um dos filhos do ex-presidente, o vereador Carlos Bolsonaro, que afirmou que exames m\u00e9dicos anteriores &#8220;j\u00e1 haviam comprovado a necessidade&#8221; de o l\u00edder da extrema-direita brasileira ser submetido a uma cirurgia devido a esse diagn\u00f3stico.<\/p>\n<p data-remotead-prev-elm=\"true\" data-remotead-elm-id=\"centro1\">Mas o magistrado do Supremo Tribunal Federal e relator do processo do ex-presidente, Alexandre de Moraes, n\u00e3o acatou o pedido da defesa e determinou, &#8220;absurdamente&#8221;, que fossem apresentados novos exames, escreveu Carlos Bolsonaro.<\/p>\n<p>&#8220;Algo que nem mesmo os l\u00edderes do narcotr\u00e1fico precisam de enfrentar quando precisam de uma cirurgia&#8221;, denunciou o segundo filho do ex-l\u00edder.<\/p>\n<p>A defesa de Bolsonaro havia solicitado permiss\u00e3o para que este fosse internado no hospital para se submeter a uma cirurgia.<\/p>\n<p data-remotead-prev-elm=\"true\" data-remotead-elm-id=\"centro2\">No entanto, Alexandre de Moraes argumentou que, desde que Bolsonaro foi colocado na sede da Pol\u00edcia Federal, onde cumpre pena, tem recebido atendimento m\u00e9dico constante e n\u00e3o houve nenhuma situa\u00e7\u00e3o de emerg\u00eancia desde ent\u00e3o.<\/p>\n<p>Acrescentou que os exames m\u00e9dicos apresentados pela defesa para justificar a transfer\u00eancia para o hospital n\u00e3o s\u00e3o recentes e que o \u00faltimo foi realizado h\u00e1 tr\u00eas meses, sem que tivesse sido recomendada a necessidade imediata de uma opera\u00e7\u00e3o.<\/p>\n<p>Com base nisso, determinou que a Pol\u00edcia Federal realize um novo exame m\u00e9dico, a fim de poder responder ao pedido da defesa.<\/p>\n<p data-remotead-prev-elm=\"true\" data-remotead-elm-id=\"centro3\">Al\u00e9m das h\u00e9rnias, Bolsonaro, de 70 anos, sofre de crises espor\u00e1dicas de solu\u00e7os, um cancro de pele incipiente e tamb\u00e9m das sequelas de cirurgias anteriores na regi\u00e3o abdominal, devido a uma facada que sofreu em 2018, quando estava em plena campanha para as elei\u00e7\u00f5es que o levaram ao poder nesse mesmo ano.<\/p>\n<p>O ex-presidente, condenado a 27 anos de pris\u00e3o, est\u00e1 na sede da Pol\u00edcia desde o final de novembro, quando foi detido ap\u00f3s tentar livrar-se, com a ajuda de um soldador, da pulseira eletr\u00f3nica que lhe tinha sido imposta anteriormente pelo Supremo Tribunal.<\/p>\n<p>Desde ent\u00e3o, a defesa e a pr\u00f3pria fam\u00edlia do l\u00edder pol\u00edtico t\u00eam insistido judicial e publicamente para que lhe seja concedida pris\u00e3o domicili\u00e1ria humanit\u00e1ria devido aos seus repetidos problemas de sa\u00fade.<\/p>\n","protected":false},"excerpt":{"rendered":"De acordo com o advogado, o diagn\u00f3stico surge da ecografia que os m\u00e9dicos realizaram com um equipamento port\u00e1til&hellip;\n","protected":false},"author":2,"featured_media":190384,"comment_status":"","ping_status":"","sticky":false,"template":"","format":"standard","meta":{"footnotes":""},"categories":[50],"tags":[726,27,28,5953,15,16,14,1125,25,26,21,22,62,12,13,19,20,23,24,17,18,29,30,31,63,64,65],"class_list":{"0":"post-190383","1":"post","2":"type-post","3":"status-publish","4":"format-standard","5":"has-post-thumbnail","7":"category-mundo","8":"tag-brasil","9":"tag-breaking-news","10":"tag-breakingnews","11":"tag-cirurgia","12":"tag-featured-news","13":"tag-featurednews","14":"tag-headlines","15":"tag-jair-bolsonaro","16":"tag-latest-news","17":"tag-latestnews","18":"tag-main-news","19":"tag-mainnews","20":"tag-mundo","21":"tag-news","22":"tag-noticias","23":"tag-noticias-principais","24":"tag-noticiasprincipais","25":"tag-principais-noticias","26":"tag-principaisnoticias","27":"tag-top-stories","28":"tag-topstories","29":"tag-ultimas","30":"tag-ultimas-noticias","31":"tag-ultimasnoticias","32":"tag-world","33":"tag-world-news","34":"tag-worldnews"},"share_on_mastodon":{"url":"https:\/\/pubeurope.com\/@pt\/115728482642217972","error":""},"_links":{"self":[{"href":"https:\/\/www.europesays.com\/pt\/wp-json\/wp\/v2\/posts\/190383","targetHints":{"allow":["GET"]}}],"collection":[{"href":"https:\/\/www.europesays.com\/pt\/wp-json\/wp\/v2\/posts"}],"about":[{"href":"https:\/\/www.europesays.com\/pt\/wp-json\/wp\/v2\/types\/post"}],"author":[{"embeddable":true,"href":"https:\/\/www.europesays.com\/pt\/wp-json\/wp\/v2\/users\/2"}],"replies":[{"embeddable":true,"href":"https:\/\/www.europesays.com\/pt\/wp-json\/wp\/v2\/comments?post=190383"}],"version-history":[{"count":0,"href":"https:\/\/www.europesays.com\/pt\/wp-json\/wp\/v2\/posts\/190383\/revisions"}],"wp:featuredmedia":[{"embeddable":true,"href":"https:\/\/www.europesays.com\/pt\/wp-json\/wp\/v2\/media\/190384"}],"wp:attachment":[{"href":"https:\/\/www.europesays.com\/pt\/wp-json\/wp\/v2\/media?parent=190383"}],"wp:term":[{"taxonomy":"category","embeddable":true,"href":"https:\/\/www.europesays.com\/pt\/wp-json\/wp\/v2\/categories?post=190383"},{"taxonomy":"post_tag","embeddable":true,"href":"https:\/\/www.europesays.com\/pt\/wp-json\/wp\/v2\/tags?post=190383"}],"curies":[{"name":"wp","href":"https:\/\/api.w.org\/{rel}","templated":true}]}}