{"id":190391,"date":"2025-12-16T09:23:13","date_gmt":"2025-12-16T09:23:13","guid":{"rendered":"https:\/\/www.europesays.com\/pt\/190391\/"},"modified":"2025-12-16T09:23:13","modified_gmt":"2025-12-16T09:23:13","slug":"nova-fase-no-combate-a-dengue","status":"publish","type":"post","link":"https:\/\/www.europesays.com\/pt\/190391\/","title":{"rendered":"Nova fase no combate \u00e0 dengue"},"content":{"rendered":"<p class=\"texto\">Batendo \u00e0 porta, a pr\u00f3xima temporada da dengue vai encontrar nova barreira sanit\u00e1ria: uma vacina 100% nacional, produzida pelo Instituto Butantan, com caracter\u00edsticas que, na opini\u00e3o de especialistas, podem mudar o curso do combate \u00e0 doen\u00e7a. Mais oportuno imposs\u00edvel. O ciclo de 2024 foi o pior da hist\u00f3ria \u2014 com 6,4 milh\u00f5es de casos, cerca de 6 mil mortes e estruturas de sa\u00fade que quase colapsaram diante do excesso de pacientes \u2014; no seguinte, os n\u00fameros arrefeceram; e o de agora deve manter o patamar. Fora da excepcionalidade, portanto, o Brasil tem condi\u00e7\u00f5es mais prop\u00edcias para refor\u00e7ar o arcabou\u00e7o protetivo contra a trai\u00e7oeira infec\u00e7\u00e3o.\u00a0<\/p>\n<p class=\"texto\">No momento, est\u00e3o prontas para a distribui\u00e7\u00e3o 1 milh\u00e3o de unidades da Butantan-DV e trabalha-se com a proje\u00e7\u00e3o de 1,8 milh\u00e3o de infectados entre outubro de 2025 e outubro de 2026, sendo de 65% a 70% moradores da Regi\u00e3o Sudeste. Ao Correio, o presidente da Ag\u00eancia Nacional de Vigil\u00e2ncia Sanit\u00e1ria (Anvisa), Leandro Safatle, afirmou que profissionais de sa\u00fade devem ser os primeiros imunizados, em raz\u00e3o da limita\u00e7\u00e3o de imunizantes, e que a amplia\u00e7\u00e3o de protegidos se dar\u00e1 \u00e0 medida que a produ\u00e7\u00e3o deslanchar \u2014 estima-se a oferta de mais de 30 milh\u00f5es de doses em meados de 2026.<\/p>\n<p class=\"texto\">Seguido o roteiro, quando o novo ciclo perigoso da dengue come\u00e7ar \u2014 tradicionalmente, os surtos s\u00e3o espa\u00e7ados por per\u00edodos de dois a quatro anos \u2014, o pa\u00eds poder\u00e1 estar mais preparado para cont\u00ea-lo. Duas caracter\u00edsticas da Butantan-DV sustentam tal afirma\u00e7\u00e3o: ela protege contra os quatro sorotipos do v\u00edrus da doen\u00e7a e por meio de dose \u00fanica, diferenciando-se da tecnologia j\u00e1 dispon\u00edvel. &#8220;H\u00e1, agora, a possibilidade de resposta r\u00e1pida em regi\u00f5es com surtos. Vacinas que exigem duas aplica\u00e7\u00f5es dependem de intervalo de meses para alcan\u00e7ar efeito pleno. A nova formula\u00e7\u00e3o permite a\u00e7\u00e3o imediata e amplia a ades\u00e3o, especialmente em opera\u00e7\u00f5es de bloqueio&#8221;, resume Leandro Safatle.<\/p>\n<p class=\"texto\">Para tanto, ser\u00e1 preciso vencer um movimento de nega\u00e7\u00e3o \u00e0 efic\u00e1cia de vacinas que contamina o pa\u00eds h\u00e1 anos. Em janeiro \u00faltimo, apenas metade das doses de Qdenga dispon\u00edveis desde fevereiro de 2024 havia sido aplicada \u2014 isso logo depois da epidemia hist\u00f3rica. Tamb\u00e9m altamente infeccioso, o sarampo teve um aumento recente na cobertura da segunda dose \u2014 de 57,6% em 2022 para 80,1% em 2024 \u2014, mas est\u00e1 longe da meta de 95% indicada por especialistas. Ainda que os esfor\u00e7os do governo atual contra o movimento antivacina tenham ganhado f\u00f4lego, os n\u00fameros n\u00e3o deixam d\u00favidas de que \u00e9 preciso investir em novas estrat\u00e9gias de imuniza\u00e7\u00e3o.<\/p>\n<p class=\"texto\">Tamb\u00e9m s\u00e3o incabidos questionamentos \u00e0 robustez da Butantan-DV. Resultados publicados em revistas cient\u00edficas renomadas, como a brit\u00e2nica The Lancet, indicam efic\u00e1cia geral de 74,7% e prote\u00e7\u00e3o de 91,6% contra formas graves de dengue. N\u00e3o \u00e0 toa, ag\u00eancias de outros pa\u00edses t\u00eam demonstrado \u00e0 Anvisa interesse em integrar a f\u00f3rmula a seu repert\u00f3rio de tecnologias em sa\u00fade coletiva, reafirmando a import\u00e2ncia do Brasil como um player estrat\u00e9gico no cen\u00e1rio sanit\u00e1rio internacional.<\/p>\n<p class=\"texto\">A recente escolha de \u00a0Luciano Moreira entre os 10 nomes que mais influenciaram a ci\u00eancia em 2025, lista elaborada pela prestigiada revista Nature, \u00e9 outra prova da for\u00e7a do pa\u00eds no combate \u00e0 doen\u00e7a. O engenheiro agr\u00f4nomo, pesquisador da Fiocruz, lidera uma iniciativa que, h\u00e1 uma d\u00e9cada, altera o Aedes aegypti para bloquear a transmiss\u00e3o da dengue, zika e chikungunya. Levantamentos mostram que a soltura do mosquito modificado reduziu em at\u00e9 70% o n\u00famero de pessoas infectadas.<\/p>\n<p class=\"texto\">\u00a0N\u00e3o se pode mais fechar os olhos para a nova possibilidade sanit\u00e1ria que se avoluma no pa\u00eds a partir dos avan\u00e7os da ci\u00eancia nacional. \u00c9 dever coletivo mudar os rumos do enfrentamento \u00e0 dengue no Brasil: com ades\u00e3o \u00e0 nova vacina e const\u00e2ncia na pr\u00e1tica das estrat\u00e9gias de conten\u00e7\u00e3o consolidadas.<\/p>\n<p class=\"texto\">\u00a0<\/p>\n<ul>\n<li><a href=\"https:\/\/wa.me\/?text=Nova+fase+no+combate+%C3%A0+dengue%20https:\/\/www.correiobraziliense.com.br\/opiniao\/2025\/12\/7314715-nova-fase-no-combate-a-dengue.html\" target=\"_blank\" title=\"Whatsapp\" aria-label=\"WhatsApp\" rel=\"nofollow noopener\"><\/a><\/li>\n<li><a href=\"https:\/\/www.facebook.com\/sharer.php?u=https:\/\/www.correiobraziliense.com.br%2Fopiniao%2F2025%2F12%2F7314715-nova-fase-no-combate-a-dengue.html&amp;text=Nova+fase+no+combate+%C3%A0+dengue\" target=\"_blank\" title=\"Facebook\" aria-label=\"Facebook\" rel=\"nofollow noopener\"><\/a><\/li>\n<li><a href=\"https:\/\/twitter.com\/intent\/tweet?url=https:\/\/www.correiobraziliense.com.br%2Fopiniao%2F2025%2F12%2F7314715-nova-fase-no-combate-a-dengue.html&amp;text=Nova+fase+no+combate+%C3%A0+dengue\" target=\"_blank\" title=\"Twitter\" aria-label=\"Twitter\" rel=\"nofollow noopener\"><\/a><\/li>\n<li><a href=\"https:\/\/profile.google.com\/cp\/CgovbS8wNzZ0dms1\" title=\"Google Discover\" target=\"_blank\" aria-label=\"Google Discover\" rel=\"nofollow noopener\"><img decoding=\"async\" src=\"https:\/\/www.europesays.com\/pt\/wp-content\/uploads\/2025\/11\/1762975755_52_google-discover-icon.png\" style=\"height: 25px; margin: 0 !important; margin-left: 3px;\" alt=\"Google Discover Icon\"\/><\/a><\/li>\n<\/ul>\n<p>              <a href=\"https:\/\/www.correiobraziliense.com.br\/autor\/opiniao\/page\/1\/\" style=\"height: 100%;\" rel=\"nofollow noopener\" target=\"_blank\"><img decoding=\"async\" class=\"hidden-print author-circle d-block h6 mt-0 mb-0 mr-6 text-center\" src=\"https:\/\/www.europesays.com\/pt\/wp-content\/uploads\/2025\/08\/correio-29236991.png\" alt=\"\" width=\"40\" height=\"40\" loading=\"lazy\" style=\"object-fit:cover; width: 40px; height: 40px; margin-right:10px;\"\/><\/a><a href=\"https:\/\/www.correiobraziliense.com.br\/autor\/opiniao\/page\/1\/\" rel=\"nofollow noopener\" target=\"_blank\"><img decoding=\"async\" class=\"hidden-print author-circle d-block h6 mt-0 mb-0 mr-6 text-center\" src=\"https:\/\/www.europesays.com\/pt\/wp-content\/uploads\/2025\/08\/correio-29236991.png\" alt=\"\" width=\"40\" height=\"40\" loading=\"lazy\" style=\"object-fit:cover; width: 40px; height: 40px; margin-right:10px;\"\/><\/a><\/p>\n<p>                          <script async src=\"https:\/\/platform.twitter.com\/widgets.js\" charset=\"utf-8\"><\/script><\/p>\n","protected":false},"excerpt":{"rendered":"Batendo \u00e0 porta, a pr\u00f3xima temporada da dengue vai encontrar nova barreira sanit\u00e1ria: uma vacina 100% nacional, produzida&hellip;\n","protected":false},"author":2,"featured_media":190392,"comment_status":"","ping_status":"","sticky":false,"template":"","format":"standard","meta":{"footnotes":""},"categories":[86],"tags":[5671,1891,116,1348,32,33,117,1333],"class_list":{"0":"post-190391","1":"post","2":"type-post","3":"status-publish","4":"format-standard","5":"has-post-thumbnail","7":"category-saude","8":"tag-anvisa","9":"tag-dengue","10":"tag-health","11":"tag-pesquisa","12":"tag-portugal","13":"tag-pt","14":"tag-saude","15":"tag-vacina"},"share_on_mastodon":{"url":"https:\/\/pubeurope.com\/@pt\/115728522410073123","error":""},"_links":{"self":[{"href":"https:\/\/www.europesays.com\/pt\/wp-json\/wp\/v2\/posts\/190391","targetHints":{"allow":["GET"]}}],"collection":[{"href":"https:\/\/www.europesays.com\/pt\/wp-json\/wp\/v2\/posts"}],"about":[{"href":"https:\/\/www.europesays.com\/pt\/wp-json\/wp\/v2\/types\/post"}],"author":[{"embeddable":true,"href":"https:\/\/www.europesays.com\/pt\/wp-json\/wp\/v2\/users\/2"}],"replies":[{"embeddable":true,"href":"https:\/\/www.europesays.com\/pt\/wp-json\/wp\/v2\/comments?post=190391"}],"version-history":[{"count":0,"href":"https:\/\/www.europesays.com\/pt\/wp-json\/wp\/v2\/posts\/190391\/revisions"}],"wp:featuredmedia":[{"embeddable":true,"href":"https:\/\/www.europesays.com\/pt\/wp-json\/wp\/v2\/media\/190392"}],"wp:attachment":[{"href":"https:\/\/www.europesays.com\/pt\/wp-json\/wp\/v2\/media?parent=190391"}],"wp:term":[{"taxonomy":"category","embeddable":true,"href":"https:\/\/www.europesays.com\/pt\/wp-json\/wp\/v2\/categories?post=190391"},{"taxonomy":"post_tag","embeddable":true,"href":"https:\/\/www.europesays.com\/pt\/wp-json\/wp\/v2\/tags?post=190391"}],"curies":[{"name":"wp","href":"https:\/\/api.w.org\/{rel}","templated":true}]}}