{"id":190398,"date":"2025-12-16T09:28:15","date_gmt":"2025-12-16T09:28:15","guid":{"rendered":"https:\/\/www.europesays.com\/pt\/190398\/"},"modified":"2025-12-16T09:28:15","modified_gmt":"2025-12-16T09:28:15","slug":"explosao-mata-filhos-de-emigrante-portugues-em-franca","status":"publish","type":"post","link":"https:\/\/www.europesays.com\/pt\/190398\/","title":{"rendered":"Explos\u00e3o mata filhos de emigrante portugu\u00eas em Fran\u00e7a"},"content":{"rendered":"<p data-remotead-prev-elm=\"true\" data-remotead-elm-id=\"inread\">Segundo avan\u00e7am a r\u00e1dio p\u00fablica &#8220;France Bleu&#8221; e os jornais regionais &#8220;Le Progr\u00e8s&#8221; e &#8220;La Voix de l&#8221;Ain&#8221;, a explos\u00e3o ocorreu cerca das 17.30 horas locais (16.30 horas em Portugal continental), no r\u00e9s do ch\u00e3o de um edif\u00edcio de tr\u00eas andares situado numa zona pr\u00f3xima de uma escola secund\u00e1ria. Segundo as autoridades locais, citadas pelos mesmos meios, a causa mais prov\u00e1vel ter\u00e1 sido uma fuga de g\u00e1s, associada a uma caldeira.<\/p>\n<p><img decoding=\"async\" class=\"ngx-body\" guid=\"321fd8e0-7a8b-4bc8-812c-75aae207d873\" src=\"https:\/\/www.europesays.com\/pt\/wp-content\/uploads\/2025\/12\/1765877294_758_image.webp\" width=\"100%\"\/><br \/>Foto: Alex Martin \/ AFP<\/p>\n<p><img decoding=\"async\" class=\"ngx-body\" guid=\"23a7a032-3f5c-4e1c-9aea-dbb7e94637ba\" src=\"https:\/\/www.europesays.com\/pt\/wp-content\/uploads\/2025\/12\/1765877295_164_image.webp\" width=\"100%\"\/><br \/>Foto: Alex Martin \/ AFP<\/p>\n<p data-remotead-prev-elm=\"true\" data-remotead-elm-id=\"centro1\">A fachada do pr\u00e9dio colapsou parcialmente, provocando grandes danos estruturais.<\/p>\n<p>Al\u00e9m das duas mortes, o balan\u00e7o provis\u00f3rio aponta para pelo menos quatro a cinco feridos ligeiros e cerca de 30 pessoas assistidas por se encontrarem em estado de choque. Aproximadamente 70 moradores tiveram de ser realojados com urg\u00eancia, tendo sido encaminhados para um gin\u00e1sio municipal transformado em abrigo tempor\u00e1rio. Uma equipa de apoio psicol\u00f3gico foi mobilizada para prestar assist\u00eancia \u00e0s v\u00edtimas.<\/p>\n<p>A explos\u00e3o foi sentida a v\u00e1rios quil\u00f3metros de dist\u00e2ncia, chegando a ser ouvida em Villefranche-sur-Sa\u00f4ne (a 12 quil\u00f3metros), segundo testemunhos recolhidos pela imprensa regional francesa. Dois estabelecimentos de ensino pr\u00f3ximos sofreram danos materiais, nomeadamente janelas partidas, mas n\u00e3o houve registo de feridos entre alunos ou funcion\u00e1rios.<\/p>\n","protected":false},"excerpt":{"rendered":"Segundo avan\u00e7am a r\u00e1dio p\u00fablica &#8220;France Bleu&#8221; e os jornais regionais &#8220;Le Progr\u00e8s&#8221; e &#8220;La Voix de l&#8221;Ain&#8221;,&hellip;\n","protected":false},"author":2,"featured_media":190399,"comment_status":"","ping_status":"","sticky":false,"template":"","format":"standard","meta":{"footnotes":""},"categories":[10],"tags":[27,28,838,11206,38344,15,16,208,14,25,26,21,22,1437,62,12,13,19,20,32,23,24,33,17,18,29,30,31],"class_list":{"0":"post-190398","1":"post","2":"type-post","3":"status-publish","4":"format-standard","5":"has-post-thumbnail","7":"category-portugal","8":"tag-breaking-news","9":"tag-breakingnews","10":"tag-criancas","11":"tag-emigrantes","12":"tag-explosao-de-gas","13":"tag-featured-news","14":"tag-featurednews","15":"tag-franca","16":"tag-headlines","17":"tag-latest-news","18":"tag-latestnews","19":"tag-main-news","20":"tag-mainnews","21":"tag-morte","22":"tag-mundo","23":"tag-news","24":"tag-noticias","25":"tag-noticias-principais","26":"tag-noticiasprincipais","27":"tag-portugal","28":"tag-principais-noticias","29":"tag-principaisnoticias","30":"tag-pt","31":"tag-top-stories","32":"tag-topstories","33":"tag-ultimas","34":"tag-ultimas-noticias","35":"tag-ultimasnoticias"},"share_on_mastodon":{"url":"https:\/\/pubeurope.com\/@pt\/115728542186329435","error":""},"_links":{"self":[{"href":"https:\/\/www.europesays.com\/pt\/wp-json\/wp\/v2\/posts\/190398","targetHints":{"allow":["GET"]}}],"collection":[{"href":"https:\/\/www.europesays.com\/pt\/wp-json\/wp\/v2\/posts"}],"about":[{"href":"https:\/\/www.europesays.com\/pt\/wp-json\/wp\/v2\/types\/post"}],"author":[{"embeddable":true,"href":"https:\/\/www.europesays.com\/pt\/wp-json\/wp\/v2\/users\/2"}],"replies":[{"embeddable":true,"href":"https:\/\/www.europesays.com\/pt\/wp-json\/wp\/v2\/comments?post=190398"}],"version-history":[{"count":0,"href":"https:\/\/www.europesays.com\/pt\/wp-json\/wp\/v2\/posts\/190398\/revisions"}],"wp:featuredmedia":[{"embeddable":true,"href":"https:\/\/www.europesays.com\/pt\/wp-json\/wp\/v2\/media\/190399"}],"wp:attachment":[{"href":"https:\/\/www.europesays.com\/pt\/wp-json\/wp\/v2\/media?parent=190398"}],"wp:term":[{"taxonomy":"category","embeddable":true,"href":"https:\/\/www.europesays.com\/pt\/wp-json\/wp\/v2\/categories?post=190398"},{"taxonomy":"post_tag","embeddable":true,"href":"https:\/\/www.europesays.com\/pt\/wp-json\/wp\/v2\/tags?post=190398"}],"curies":[{"name":"wp","href":"https:\/\/api.w.org\/{rel}","templated":true}]}}