{"id":190406,"date":"2025-12-16T09:34:19","date_gmt":"2025-12-16T09:34:19","guid":{"rendered":"https:\/\/www.europesays.com\/pt\/190406\/"},"modified":"2025-12-16T09:34:19","modified_gmt":"2025-12-16T09:34:19","slug":"iron-maiden-se-despediria-ao-estilo-back-to-the-beginning-steve-harris-responde","status":"publish","type":"post","link":"https:\/\/www.europesays.com\/pt\/190406\/","title":{"rendered":"Iron Maiden se despediria ao estilo Back to the Beginning? Steve Harris responde"},"content":{"rendered":"\n<p>Apesar de prometer uma <a href=\"https:\/\/whiplash.net\/materias\/news_679\/372842-ironmaiden.html\" target=\"_blank\" rel=\"noreferrer noopener nofollow\">pausa da estrada para 2027<\/a>, o <strong><a href=\"https:\/\/igormiranda.com.br\/tag\/iron-maiden\/\" target=\"_blank\" rel=\"noreferrer noopener nofollow\">Iron Maiden<\/a><\/strong> n\u00e3o tem planos de aposentadoria definitiva. No ano passado, o baixista e l\u00edder <strong><a href=\"https:\/\/igormiranda.com.br\/tag\/steve-harris\/\" target=\"_blank\" rel=\"noreferrer noopener nofollow\">Steve Harris<\/a><\/strong> deixou claro que <a href=\"https:\/\/igormiranda.com.br\/2024\/12\/iron-maiden-fim-breve-steve-harris-responde\/\" target=\"_blank\" rel=\"noreferrer noopener nofollow\">\u201co final ainda n\u00e3o chegou\u201d<\/a>. Mesmo assim, \u00e9 comum que surjam debates na internet a respeito dos passos finais da Donzela de Ferro.\u00a0<\/p>\n<p>A discuss\u00e3o pareceu impulsionada ap\u00f3s o <strong>Back to the Beginning<\/strong>, festival que marcou a despedida dos palcos do <strong><a href=\"https:\/\/igormiranda.com.br\/tag\/black-sabbath\/\" target=\"_blank\" rel=\"noreferrer noopener nofollow\">Black Sabbath<\/a><\/strong> e de <strong><a href=\"https:\/\/igormiranda.com.br\/tag\/ozzy-osbourne\/\" target=\"_blank\" rel=\"noreferrer noopener nofollow\">Ozzy Osbourne<\/a><\/strong>. Realizado em Birmingham, na Inglaterra, no dia 5 de julho, o evento reuniu in\u00fameros nomes da m\u00fasica, como <strong>Metallica<\/strong>, <strong>Guns N\u2019 Roses<\/strong>, <strong>Anthrax<\/strong>, <strong>Tool<\/strong>, <strong>Halestorm<\/strong>, entre outros artistas.\u00a0<\/p>\n<p>&#8211; Advertisement &#8211;<\/p>\n<p>Diante da magnitude da iniciativa, o site <a href=\"https:\/\/ultimateclassicrock.com\/next-back-to-the-beginning-concerts\/\" target=\"_blank\" rel=\"noreferrer noopener nofollow\">Ultimate Classic Rock<\/a> elencou em uma mat\u00e9ria as bandas que deveriam realizar os pr\u00f3prios Back to the Beginning no futuro. A lista incluiu justamente o Maiden.\u00a0<\/p>\n<p>Logo, o tema chegou em Harris, que manifestou sua opini\u00e3o a respeito. Conversando com a <a href=\"https:\/\/www.loudersound.com\/news\/iron-maiden-steve-harris-doesnt-rule-out-black-sabbath-back-to-the-beginning-blockbuster-retirement-show-2025\" target=\"_blank\" rel=\"noreferrer noopener nofollow\">Metal Hammer<\/a>, o baixista demonstrou incerteza quanto \u00e0 possibilidade de realizar uma apresenta\u00e7\u00e3o semelhante, mas n\u00e3o descartou a ideia.<\/p>\n<p>Ele disse:<\/p>\n<p>\u201cN\u00f3s n\u00e3o costumamos olhar para tr\u00e1s. Eu sei que lan\u00e7amos um livro [sobre os 50 anos, <strong>\u2018Infinite Dreams \u2013 The Official Visual History\u2019<\/strong>] e estamos focados nisso, mas normalmente estamos mais interessados no que vem a seguir. Parece que algumas pessoas gostariam que [um Back to the Beginning nosso] acontecesse, mas eu n\u00e3o sei. Vamos ver.\u201d<\/p>\n<p>Ao site <a href=\"https:\/\/igormiranda.com.br\/2024\/12\/iron-maiden-fim-breve-steve-harris-responde\/\" target=\"_blank\" rel=\"noreferrer noopener nofollow\">Mariskal Rock<\/a> em julho de 2024, quando perguntado a respeito de uma participa\u00e7\u00e3o do saudoso <strong>Paul Di\u2019Anno<\/strong> em alguma apresenta\u00e7\u00e3o da turn\u00ea <strong>\u201cRun for Your Lives\u201d<\/strong>, o m\u00fasico havia revelado que ele e os colegas \u201ctalvez\u201d considerariam fazer \u201cum grande ato final\u201d no fim da trajet\u00f3ria da banda. Na ocasi\u00e3o, destacou:<\/p>\n<p>\u201cN\u00e3o, acho que n\u00e3o ter\u00e1 participa\u00e7\u00e3o dele, nem de nenhum ex-membro da banda [na turn\u00ea de 50 anos]. No Iron Maiden, valorizamos o que estamos fazendo agora. No momento, n\u00e3o consideramos fazer um grande ato final. Pode ser que quando formos pensar no final, consideremos, mas por enquanto, n\u00e3o sei. De qualquer forma, o final ainda n\u00e3o chegou.\u201d<\/p>\n<p> Sobre o Back to the Beginning <\/p>\n<p>O \u00faltimo show do Black Sabbath com a forma\u00e7\u00e3o original aconteceu no dia 5 de julho, no Villa Park, est\u00e1dio em Birmingham, cidade inglesa onde a banda foi formada. Exatamente 17 dias depois, Ozzy Osbourne morreu aos 76 anos.<\/p>\n<p>O evento contou com in\u00fameras apresenta\u00e7\u00f5es de outros \u00edcones da cena. Ozzy Osbourne (solo), Guns N\u2019 Roses, Metallica, Slayer, Tool, Pantera, Gojira, Alice in Chains, Halestorm, Lamb of God, Anthrax, Mastodon e Rival Sons estiveram entre as atra\u00e7\u00f5es, al\u00e9m de convidados adicionais como Steven Tyler (Aerosmith), Ron Wood (Rolling Stones), Billy Corgan (Smashing Pumpkins), David Draiman (Disturbed), Lzzy Hale, Jake E. Lee, Yungblud, Jonathan Davis (Korn), Nuno Bettencourt (Extreme), Chad Smith (Red Hot Chili Peppers), Travis Barker (Blink-182), Vernon Reid (Living Colour), K.K. Downing, Mike Bordin (Faith No More), Papa V Perpetua (Ghost), Rudy Sarzo, Sammy Hagar, Slash, Sleep Token II (Sleep Token) e Tom Morello.<\/p>\n<p>O lucro foi distribu\u00eddo para tr\u00eas organiza\u00e7\u00f5es diferentes:<\/p>\n<ul class=\"wp-block-list\">\n<li><strong>Cure Parkinson\u2019s<\/strong>, entidade inglesa que financia pesquisas com objetivo de curar, interromper ou reduzir a evolu\u00e7\u00e3o do Parkinson;<\/li>\n<li><strong>Birmingham Children\u2019s Hospital<\/strong>, centro m\u00e9dico em Birmingham especializado em cuidar de crian\u00e7as e adolescentes;<\/li>\n<li><strong>Acorn Children\u2019s Hospice<\/strong>, institui\u00e7\u00e3o que presta cuidados paliativos e apoio a crian\u00e7as com s\u00e9rios problemas de sa\u00fade e suas fam\u00edlias em toda a regi\u00e3o de West Midlands.<\/li>\n<\/ul>\n<p><strong>Clique<\/strong> para seguir IgorMiranda.com.br no: <a href=\"https:\/\/instagram.com\/igormirandasite\" target=\"_blank\" rel=\"noreferrer noopener nofollow\">Instagram<\/a> | <a href=\"https:\/\/bsky.app\/profile\/igormirandasite.bsky.social\" target=\"_blank\" rel=\"noreferrer noopener nofollow\">Bluesky<\/a> | <a href=\"https:\/\/twitter.com\/igormirandasite\" target=\"_blank\" rel=\"noreferrer noopener nofollow\">Twitter<\/a> | <a href=\"https:\/\/tiktok.com\/@igormirandasite\" target=\"_blank\" rel=\"noreferrer noopener nofollow\">TikTok<\/a> | <a href=\"https:\/\/facebook.com\/igormirandasite\" target=\"_blank\" rel=\"noreferrer noopener nofollow\">Facebook<\/a> | <a href=\"https:\/\/www.youtube.com\/igormirandasite\" target=\"_blank\" rel=\"noreferrer noopener nofollow\">YouTube<\/a> | <a href=\"https:\/\/www.threads.net\/@igormirandasite\" target=\"_blank\" rel=\"noreferrer noopener nofollow\">Threads<\/a>.<\/p>\n<p> <script async src=\"https:\/\/platform.twitter.com\/widgets.js\" charset=\"utf-8\"><\/script><script async src=\"\/\/www.instagram.com\/embed.js\"><\/script><script async src=\"\/\/www.tiktok.com\/embed.js\"><\/script><\/p>\n","protected":false},"excerpt":{"rendered":"Apesar de prometer uma pausa da estrada para 2027, o Iron Maiden n\u00e3o tem planos de aposentadoria definitiva.&hellip;\n","protected":false},"author":2,"featured_media":190407,"comment_status":"","ping_status":"","sticky":false,"template":"","format":"standard","meta":{"footnotes":""},"categories":[141],"tags":[240,114,115,3543,149,150,32,33,9876],"class_list":{"0":"post-190406","1":"post","2":"type-post","3":"status-publish","4":"format-standard","5":"has-post-thumbnail","7":"category-musica","8":"tag-black-sabbath","9":"tag-entertainment","10":"tag-entretenimento","11":"tag-iron-maiden","12":"tag-music","13":"tag-musica","14":"tag-portugal","15":"tag-pt","16":"tag-steve-harris"},"share_on_mastodon":{"url":"https:\/\/pubeurope.com\/@pt\/115728565077267898","error":""},"_links":{"self":[{"href":"https:\/\/www.europesays.com\/pt\/wp-json\/wp\/v2\/posts\/190406","targetHints":{"allow":["GET"]}}],"collection":[{"href":"https:\/\/www.europesays.com\/pt\/wp-json\/wp\/v2\/posts"}],"about":[{"href":"https:\/\/www.europesays.com\/pt\/wp-json\/wp\/v2\/types\/post"}],"author":[{"embeddable":true,"href":"https:\/\/www.europesays.com\/pt\/wp-json\/wp\/v2\/users\/2"}],"replies":[{"embeddable":true,"href":"https:\/\/www.europesays.com\/pt\/wp-json\/wp\/v2\/comments?post=190406"}],"version-history":[{"count":0,"href":"https:\/\/www.europesays.com\/pt\/wp-json\/wp\/v2\/posts\/190406\/revisions"}],"wp:featuredmedia":[{"embeddable":true,"href":"https:\/\/www.europesays.com\/pt\/wp-json\/wp\/v2\/media\/190407"}],"wp:attachment":[{"href":"https:\/\/www.europesays.com\/pt\/wp-json\/wp\/v2\/media?parent=190406"}],"wp:term":[{"taxonomy":"category","embeddable":true,"href":"https:\/\/www.europesays.com\/pt\/wp-json\/wp\/v2\/categories?post=190406"},{"taxonomy":"post_tag","embeddable":true,"href":"https:\/\/www.europesays.com\/pt\/wp-json\/wp\/v2\/tags?post=190406"}],"curies":[{"name":"wp","href":"https:\/\/api.w.org\/{rel}","templated":true}]}}