{"id":190412,"date":"2025-12-16T09:40:45","date_gmt":"2025-12-16T09:40:45","guid":{"rendered":"https:\/\/www.europesays.com\/pt\/190412\/"},"modified":"2025-12-16T09:40:45","modified_gmt":"2025-12-16T09:40:45","slug":"ja-pode-simular-o-valor-das-prestacoes-de-desemprego","status":"publish","type":"post","link":"https:\/\/www.europesays.com\/pt\/190412\/","title":{"rendered":"j\u00e1 pode simular o valor das Presta\u00e7\u00f5es de Desemprego"},"content":{"rendered":"<p>A Seguran\u00e7a Social passou a disponibilizar um novo simulador de presta\u00e7\u00f5es sociais, que permite aos cidad\u00e3os estimar o valor das presta\u00e7\u00f5es de desemprego a que poder\u00e3o ter direito.<\/p>\n<p><a target=\"_blank\" href=\"https:\/\/pplware.sapo.pt\/wp-content\/uploads\/2025\/08\/seguranca_social_00-1.jpg\" onclick=\"refreshIframe()\" class=\"foobox\" rel=\"nofollow noopener\"><img fetchpriority=\"high\" decoding=\"async\" src=\"https:\/\/www.europesays.com\/pt\/wp-content\/uploads\/2025\/08\/seguranca_social_00-1-720x405.jpg\" alt=\"Seguran\u00e7a Social permite simular o valor das Presta\u00e7\u00f5es de Desemprego\" width=\"720\" height=\"405\" class=\"aligncenter wp-image-1071691 size-medium\"  \/><\/a><\/p>\n<p>Esta ferramenta digital tem como objetivo facilitar o acesso \u00e0 informa\u00e7\u00e3o e ajudar os benefici\u00e1rios a planear melhor a sua situa\u00e7\u00e3o financeira em caso de desemprego.<\/p>\n<p><strong>Atrav\u00e9s deste simulador, \u00e9 poss\u00edvel obter uma estimativa do montante mensal a receber,<\/strong> com base nos dados introduzidos pelo utilizador, como a situa\u00e7\u00e3o profissional, remunera\u00e7\u00f5es anteriores e per\u00edodo contributivo. Para al\u00e9m do subs\u00eddio de desemprego, a plataforma permite igualmente simular outras presta\u00e7\u00f5es sociais, tornando-se um instrumento \u00fatil para quem procura conhecer antecipadamente os apoios dispon\u00edveis.<\/p>\n<p>Em resumo, com o novo Simulador de Desemprego da Seguran\u00e7a Social, pode calcular de forma r\u00e1pida e segura os valores estimados de:<\/p>\n<ul>\n<li>Subs\u00eddio de Desemprego<\/li>\n<li>Subs\u00eddio Social de Desemprego<\/li>\n<li>Subs\u00eddio por Cessa\u00e7\u00e3o de Atividade Profissional<\/li>\n<li>Outras presta\u00e7\u00f5es associadas ao desemprego<\/li>\n<\/ul>\n<p>Aceda \u00e0 \u00e1rea de Simuladores da Seguran\u00e7a Social<\/p>\n<p><strong>O acesso ao simulador \u00e9 feito online, no portal oficial da Seguran\u00e7a Social, bastando selecionar a \u00e1rea dos simuladores<\/strong> e escolher a presta\u00e7\u00e3o que se pretende calcular. Clique em &#8220;Simulador de Desemprego&#8221;.<\/p>\n<p><a target=\"_blank\" href=\"https:\/\/pplware.sapo.pt\/wp-content\/uploads\/2025\/12\/ss_desemprego_00-1.jpg\" onclick=\"refreshIframe()\" class=\"foobox\" rel=\"nofollow noopener\"><img loading=\"lazy\" decoding=\"async\" src=\"https:\/\/www.europesays.com\/pt\/wp-content\/uploads\/2025\/12\/ss_desemprego_00-1-720x405.jpg\" alt=\"Seguran\u00e7a Social permite simular o valor das Presta\u00e7\u00f5es de Desemprego\" width=\"720\" height=\"405\" class=\"aligncenter wp-image-1093328 size-medium\"  \/><\/a><\/p>\n<p>O processo \u00e9 simples, intuitivo e pode ser realizado por qualquer cidad\u00e3o, sem necessidade de desloca\u00e7\u00f5es a um balc\u00e3o de atendimento.<\/p>\n<p>Importa salientar que os valores apresentados t\u00eam car\u00e1ter meramente indicativo, n\u00e3o substituindo a an\u00e1lise oficial nem o pedido formal do subs\u00eddio. O montante final a atribuir depende sempre da verifica\u00e7\u00e3o dos requisitos legais, do hist\u00f3rico contributivo e das regras em vigor no momento do pedido.<\/p>\n<p>Com esta nova funcionalidade, a Seguran\u00e7a Social refor\u00e7a a sua aposta na digitaliza\u00e7\u00e3o dos servi\u00e7os p\u00fablicos, promovendo maior transpar\u00eancia, autonomia e proximidade com os cidad\u00e3os, especialmente em momentos de maior vulnerabilidade como o desemprego.<\/p>\n<p>\u00a0<\/p>\n","protected":false},"excerpt":{"rendered":"A Seguran\u00e7a Social passou a disponibilizar um novo simulador de presta\u00e7\u00f5es sociais, que permite aos cidad\u00e3os estimar o&hellip;\n","protected":false},"author":2,"featured_media":17242,"comment_status":"","ping_status":"","sticky":false,"template":"","format":"standard","meta":{"footnotes":""},"categories":[83],"tags":[88,4796,89,90,32,33,915],"class_list":{"0":"post-190412","1":"post","2":"type-post","3":"status-publish","4":"format-standard","5":"has-post-thumbnail","7":"category-empresas","8":"tag-business","9":"tag-desemprego","10":"tag-economy","11":"tag-empresas","12":"tag-portugal","13":"tag-pt","14":"tag-seguranca-social"},"share_on_mastodon":{"url":"https:\/\/pubeurope.com\/@pt\/115728588987462049","error":""},"_links":{"self":[{"href":"https:\/\/www.europesays.com\/pt\/wp-json\/wp\/v2\/posts\/190412","targetHints":{"allow":["GET"]}}],"collection":[{"href":"https:\/\/www.europesays.com\/pt\/wp-json\/wp\/v2\/posts"}],"about":[{"href":"https:\/\/www.europesays.com\/pt\/wp-json\/wp\/v2\/types\/post"}],"author":[{"embeddable":true,"href":"https:\/\/www.europesays.com\/pt\/wp-json\/wp\/v2\/users\/2"}],"replies":[{"embeddable":true,"href":"https:\/\/www.europesays.com\/pt\/wp-json\/wp\/v2\/comments?post=190412"}],"version-history":[{"count":0,"href":"https:\/\/www.europesays.com\/pt\/wp-json\/wp\/v2\/posts\/190412\/revisions"}],"wp:featuredmedia":[{"embeddable":true,"href":"https:\/\/www.europesays.com\/pt\/wp-json\/wp\/v2\/media\/17242"}],"wp:attachment":[{"href":"https:\/\/www.europesays.com\/pt\/wp-json\/wp\/v2\/media?parent=190412"}],"wp:term":[{"taxonomy":"category","embeddable":true,"href":"https:\/\/www.europesays.com\/pt\/wp-json\/wp\/v2\/categories?post=190412"},{"taxonomy":"post_tag","embeddable":true,"href":"https:\/\/www.europesays.com\/pt\/wp-json\/wp\/v2\/tags?post=190412"}],"curies":[{"name":"wp","href":"https:\/\/api.w.org\/{rel}","templated":true}]}}