{"id":190413,"date":"2025-12-16T09:42:29","date_gmt":"2025-12-16T09:42:29","guid":{"rendered":"https:\/\/www.europesays.com\/pt\/190413\/"},"modified":"2025-12-16T09:42:29","modified_gmt":"2025-12-16T09:42:29","slug":"tres-dos-pescadores-que-naufragaram-no-vila-de-caminha-continuam-desaparecidos-naufragio","status":"publish","type":"post","link":"https:\/\/www.europesays.com\/pt\/190413\/","title":{"rendered":"Tr\u00eas dos pescadores que naufragaram no Vila de Caminha continuam desaparecidos | Naufr\u00e1gio"},"content":{"rendered":"<p>Apesar dos esfor\u00e7os que decorreram durante esta segunda-feira para encontrar os tr\u00eas pescadores desaparecidos na sequ\u00eancia do naufr\u00e1gio da embarca\u00e7\u00e3o Vila de Caminha no final da manh\u00e3 de domingo, os homens continuam desaparecidos. O incidente ocorreu numa zona rochosa perto da Ilha de \u00cdnsua, no concelho de Caminha e a bordo da embarca\u00e7\u00e3o de pesca, com mais de dez metros e cabine, estavam cinco tripulantes.<\/p>\n<p>O alerta foi dado \u00e0s 12h20 e ainda durante o dia de domingo, um dos pescadores e o mestre, Nuno Castro, de 41 anos, foram resgatados, ambos em estado de hipotermia, e foram levados para o hospital de Viana do Castelo. Os outros tr\u00eas pescadores continuam desaparecidos, tendo as buscas recome\u00e7ado nesta segunda-feira de manh\u00e3.<\/p>\n<p>Os quatro pescadores s\u00e3o indon\u00e9sios e o mestre \u00e9 portugu\u00eas. Os indon\u00e9sios s\u00e3o j\u00e1 uma presen\u00e7a \u201chabitual\u201d na pesca na zona de Caminha e Vila Praia de \u00c2ncora, garantiu o capit\u00e3o do porto e comandante local da pol\u00edcia mar\u00edtima de Caminha, Fernando Vieira Pereira.<\/p>\n<p>Ao JN, uma fonte pr\u00f3xima de Nuno Castro relatou que o barco teve uma avaria mec\u00e2nica e que, quando o mestre a foi verificar, a embarca\u00e7\u00e3o foi derrubada por \u201cum golpe de mar\u201d. O mestre da embarca\u00e7\u00e3o relatou \u00e0 fonte citada pelo jornal que \u201cfoi um inferno aut\u00eantico\u201d, numa luta com o mar que ter\u00e1 durado entre 30 e 40 minutos.<\/p>\n<p>Durante a hora de almo\u00e7o desta segunda-feira, na praia da Foz do Minho, enquanto as buscas decorriam, tr\u00eas moradores olhavam para os destro\u00e7os do barco nas rochas. Um deles, que tamb\u00e9m faz pesca l\u00fadica, comentou que o mestre da embarca\u00e7\u00e3o \u201cconhece isto palmo a palmo, anda neste mar desde mi\u00fado\u201d. \u201cOs indon\u00e9sios tamb\u00e9m s\u00e3o homens do mar\u201d, acrescentou.<\/p>\n<p>        &#13;<br \/>\n            &#13;<br \/>\n            &#13;<br \/>\n                Ilha de \u00cdnsua, onde o acidente aconteceu&#13;<br \/>\nPaulo Pimenta            &#13;<br \/>\n&#13;<\/p>\n<p>Pelas 15h, um barco da pol\u00edcia mar\u00edtima voltou a atracar. A bordo estava Fernando Vieira Pereira, que disse que j\u00e1 tinha sido confirmada a identidade dos tr\u00eas pescadores desaparecidos, embora ainda n\u00e3o a pudessem divulgar.<\/p>\n<p>Pouco depois, seis homens sa\u00edram do posto da Pol\u00edcia Mar\u00edtima da praia da Foz do Minho para continuar as buscas. Debaixo de uma chuva que n\u00e3o deu tr\u00e9guas, os agentes da pol\u00edcia mar\u00edtima dividiram-se em dois barcos e uma mota de \u00e1gua e fizeram-se ao mar \u00e0 procura das tr\u00eas v\u00edtimas desaparecidas.<\/p>\n<p>        &#13;<br \/>\n            &#13;<br \/>\n            &#13;<br \/>\n                Pol\u00edcia Mar\u00edtima sai para o mar nas buscas dos tr\u00eas pescadores desaparecidos no naufr\u00e1gio&#13;<br \/>\nPaulo Pimenta            &#13;<br \/>\n&#13;<\/p>\n<p>Vieira Pereira abandonou temporariamente as buscas para reunir com o secret\u00e1rio de Estado das Pescas e do Mar, Salvador Malheiro. Enquanto a reuni\u00e3o decorria na Capitania de Caminha, Rui Castro, da Associa\u00e7\u00e3o de Pescadores de Caminha, disse aos jornalistas que o mestre da embarca\u00e7\u00e3o que naufragou \u00e9 \u201cum mestre experiente, com todo o conhecimento desta zona\u201d, e afirmou que a zona de \u00cdnsua, onde aconteceu o acidente, \u00e9 \u201cum s\u00edtio perigoso\u201d onde h\u00e1 \u201cmuitas correntes\u201d.<\/p>\n<p>Nas opera\u00e7\u00f5es de busca, coordenadas por Vieira Pereira, estiveram empenhados tripulantes da Esta\u00e7\u00e3o Salva-vidas de Viana do Castelo, elementos da Capitania do Porto e do Comando Local da Pol\u00edcia Mar\u00edtima de Caminha e do Grupo de Mergulho Forense e Opera\u00e7\u00f5es Policiais Subaqu\u00e1ticas da Pol\u00edcia Mar\u00edtima (GMF-OPS), bem como dos Bombeiros Volunt\u00e1rios de Caminha e de Vila Praia de \u00c2ncora, uma embarca\u00e7\u00e3o de salvamento mar\u00edtimo espanhola e duas aeronaves da For\u00e7a A\u00e9rea Portuguesa (FAP), informou em comunicado a Autoridade Mar\u00edtima Nacional.<\/p>\n<p>O capit\u00e3o do porto de Caminha afirmou, em declara\u00e7\u00f5es \u00e0 Lusa, que as buscas desta segunda-feira n\u00e3o tiveram sucesso, tendo sido suspensas pelas 17h30 por &#8220;n\u00e3o haver condi\u00e7\u00f5es de visibilidade&#8221;. Vieira Pereira garante que as buscas v\u00e3o ser retomadas pelas 08h00 de ter\u00e7a-feira.<\/p>\n<p>Texto editado por Ana Fernandes<\/p>\n","protected":false},"excerpt":{"rendered":"Apesar dos esfor\u00e7os que decorreram durante esta segunda-feira para encontrar os tr\u00eas pescadores desaparecidos na sequ\u00eancia do naufr\u00e1gio&hellip;\n","protected":false},"author":2,"featured_media":190414,"comment_status":"","ping_status":"","sticky":false,"template":"","format":"standard","meta":{"footnotes":""},"categories":[10],"tags":[1455,27,28,15,16,14,25,26,352,21,22,2219,2758,12,13,19,20,9868,9699,32,23,24,33,17,18,29,30,31],"class_list":{"0":"post-190413","1":"post","2":"type-post","3":"status-publish","4":"format-standard","5":"has-post-thumbnail","7":"category-portugal","8":"tag-acidentes","9":"tag-breaking-news","10":"tag-breakingnews","11":"tag-featured-news","12":"tag-featurednews","13":"tag-headlines","14":"tag-latest-news","15":"tag-latestnews","16":"tag-local","17":"tag-main-news","18":"tag-mainnews","19":"tag-mar","20":"tag-naufragio","21":"tag-news","22":"tag-noticias","23":"tag-noticias-principais","24":"tag-noticiasprincipais","25":"tag-pesca","26":"tag-policia-maritima","27":"tag-portugal","28":"tag-principais-noticias","29":"tag-principaisnoticias","30":"tag-pt","31":"tag-top-stories","32":"tag-topstories","33":"tag-ultimas","34":"tag-ultimas-noticias","35":"tag-ultimasnoticias"},"share_on_mastodon":{"url":"https:\/\/pubeurope.com\/@pt\/115728597027252620","error":""},"_links":{"self":[{"href":"https:\/\/www.europesays.com\/pt\/wp-json\/wp\/v2\/posts\/190413","targetHints":{"allow":["GET"]}}],"collection":[{"href":"https:\/\/www.europesays.com\/pt\/wp-json\/wp\/v2\/posts"}],"about":[{"href":"https:\/\/www.europesays.com\/pt\/wp-json\/wp\/v2\/types\/post"}],"author":[{"embeddable":true,"href":"https:\/\/www.europesays.com\/pt\/wp-json\/wp\/v2\/users\/2"}],"replies":[{"embeddable":true,"href":"https:\/\/www.europesays.com\/pt\/wp-json\/wp\/v2\/comments?post=190413"}],"version-history":[{"count":0,"href":"https:\/\/www.europesays.com\/pt\/wp-json\/wp\/v2\/posts\/190413\/revisions"}],"wp:featuredmedia":[{"embeddable":true,"href":"https:\/\/www.europesays.com\/pt\/wp-json\/wp\/v2\/media\/190414"}],"wp:attachment":[{"href":"https:\/\/www.europesays.com\/pt\/wp-json\/wp\/v2\/media?parent=190413"}],"wp:term":[{"taxonomy":"category","embeddable":true,"href":"https:\/\/www.europesays.com\/pt\/wp-json\/wp\/v2\/categories?post=190413"},{"taxonomy":"post_tag","embeddable":true,"href":"https:\/\/www.europesays.com\/pt\/wp-json\/wp\/v2\/tags?post=190413"}],"curies":[{"name":"wp","href":"https:\/\/api.w.org\/{rel}","templated":true}]}}