{"id":190423,"date":"2025-12-16T09:50:17","date_gmt":"2025-12-16T09:50:17","guid":{"rendered":"https:\/\/www.europesays.com\/pt\/190423\/"},"modified":"2025-12-16T09:50:17","modified_gmt":"2025-12-16T09:50:17","slug":"rafa-silva-faz-forca-para-assinar-pelo-benfica","status":"publish","type":"post","link":"https:\/\/www.europesays.com\/pt\/190423\/","title":{"rendered":"Rafa Silva faz for\u00e7a para assinar pelo Benfica"},"content":{"rendered":"<p>&#8211; Advertisement &#8211;<\/p>\n<p><strong>Rafa Silva procura deixar o Besiktas no pr\u00f3ximo mercado. O jogador deseja regressar em breve ao Benfica.<\/strong><\/p>\n<p>Rafa Silva continua a querer deixar o Besiktas no pr\u00f3ximo mercado de transfer\u00eancias de inverno. De acordo com o jornal Record, o grande desejo do internacional portugu\u00eas \u00e9 regressar ao Benfica, estando inclusivamente dispon\u00edvel pata baixar o pedido de sal\u00e1rio anual.<\/p>\n<p>O conflito do extremo com o Besiktas j\u00e1 tem algumas semanas e Rafa Silva <a href=\"https:\/\/bolanarede.pt\/especial-bola-na-rede\/atualidade\/novela-continua-rafa-silva-nao-recusou-integrar-lista-de-convocados-do-besiktas\/\" target=\"_blank\" rel=\"noreferrer noopener nofollow\">segue afastado da equipa principal<\/a>. Na presente temporada soma 16 encontros, com cinco golos marcados e tr\u00eas assist\u00eancias. O seu v\u00ednculo atual termina apenas em 2027 e tem uma cl\u00e1usula de rescis\u00e3o de 15 milh\u00f5es de euros.<\/p>\n<p>Rafa Silva vestiu a camisola do Benfica entre 2016 e 2024, altura em que terminou contrato com as \u00e1guias, optando por uma mudan\u00e7a rumo \u00e0 Turquia. <\/p>\n","protected":false},"excerpt":{"rendered":"&#8211; Advertisement &#8211; Rafa Silva procura deixar o Besiktas no pr\u00f3ximo mercado. O jogador deseja regressar em breve&hellip;\n","protected":false},"author":2,"featured_media":190424,"comment_status":"","ping_status":"","sticky":false,"template":"","format":"standard","meta":{"footnotes":""},"categories":[87],"tags":[260,437,135,1401,32,33,21749,134],"class_list":{"0":"post-190423","1":"post","2":"type-post","3":"status-publish","4":"format-standard","5":"has-post-thumbnail","7":"category-desporto","8":"tag-atualidade","9":"tag-besiktas","10":"tag-desporto","11":"tag-liga-turca","12":"tag-portugal","13":"tag-pt","14":"tag-rafa-silva","15":"tag-sports"},"share_on_mastodon":{"url":"https:\/\/pubeurope.com\/@pt\/115728628017593651","error":""},"_links":{"self":[{"href":"https:\/\/www.europesays.com\/pt\/wp-json\/wp\/v2\/posts\/190423","targetHints":{"allow":["GET"]}}],"collection":[{"href":"https:\/\/www.europesays.com\/pt\/wp-json\/wp\/v2\/posts"}],"about":[{"href":"https:\/\/www.europesays.com\/pt\/wp-json\/wp\/v2\/types\/post"}],"author":[{"embeddable":true,"href":"https:\/\/www.europesays.com\/pt\/wp-json\/wp\/v2\/users\/2"}],"replies":[{"embeddable":true,"href":"https:\/\/www.europesays.com\/pt\/wp-json\/wp\/v2\/comments?post=190423"}],"version-history":[{"count":0,"href":"https:\/\/www.europesays.com\/pt\/wp-json\/wp\/v2\/posts\/190423\/revisions"}],"wp:featuredmedia":[{"embeddable":true,"href":"https:\/\/www.europesays.com\/pt\/wp-json\/wp\/v2\/media\/190424"}],"wp:attachment":[{"href":"https:\/\/www.europesays.com\/pt\/wp-json\/wp\/v2\/media?parent=190423"}],"wp:term":[{"taxonomy":"category","embeddable":true,"href":"https:\/\/www.europesays.com\/pt\/wp-json\/wp\/v2\/categories?post=190423"},{"taxonomy":"post_tag","embeddable":true,"href":"https:\/\/www.europesays.com\/pt\/wp-json\/wp\/v2\/tags?post=190423"}],"curies":[{"name":"wp","href":"https:\/\/api.w.org\/{rel}","templated":true}]}}